{"id":2615,"date":"2017-06-22T15:35:35","date_gmt":"2017-06-22T15:35:35","guid":{"rendered":"http:\/\/www.fritravich.com\/sin-categoria-en\/instalacion-placas-fotovoltaicas\/"},"modified":"2017-08-18T07:32:58","modified_gmt":"2017-08-18T07:32:58","slug":"installation-of-photovoltaic-panels","status":"publish","type":"post","link":"https:\/\/www.fritravich.com\/en\/news\/installation-of-photovoltaic-panels\/","title":{"rendered":"INSTALLATION OF PHOTOVOLTAIC PANELS"},"content":{"rendered":"<p><strong>Frit Ravich<\/strong> has recently initiated the installation of <strong>photovoltaic panels<\/strong> for its own consumption on the roof of the logistics centre. The installation will consist of <strong>1584 photovoltaic panels<\/strong> which will be able to generate peak power capacity of 435kW. The installation is expected to be completed in July.<\/p>\n","protected":false},"excerpt":{"rendered":"<p>Frit Ravich has recently initiated the installation of photovoltaic panels for its own consumption on [&hellip;]<\/p>\n","protected":false},"author":3,"featured_media":3807,"comment_status":"closed","ping_status":"closed","sticky":false,"template":"","format":"standard","meta":{"_acf_changed":false,"_monsterinsights_skip_tracking":false,"_monsterinsights_sitenote_active":false,"_monsterinsights_sitenote_note":"","_monsterinsights_sitenote_category":0,"footnotes":""},"categories":[177],"tags":[],"class_list":["post-2615","post","type-post","status-publish","format-standard","has-post-thumbnail","hentry","category-news"],"acf":[],"yoast_head":"<!-- This site is optimized with the Yoast SEO plugin v27.3 - https:\/\/yoast.com\/product\/yoast-seo-wordpress\/ -->\n<title>INSTALLATION OF PHOTOVOLTAIC PANELS | FRIT RAVICH<\/title>\n<meta name=\"description\" content=\"Installation de panneaux photovolta\u00efques dans Fritte Ravitch. L&#039;installation se compose de 1584 panneaux photovolta\u00efques qui vont g\u00e9n\u00e9rer un pic de 435 kW.\" \/>\n<meta name=\"robots\" content=\"index, follow, max-snippet:-1, max-image-preview:large, max-video-preview:-1\" \/>\n<link rel=\"canonical\" href=\"https:\/\/www.fritravich.com\/en\/news\/installation-of-photovoltaic-panels\/\" \/>\n<meta property=\"og:locale\" content=\"en_US\" \/>\n<meta property=\"og:type\" content=\"article\" \/>\n<meta property=\"og:title\" content=\"INSTALACI\u00d3N DE PLACAS FOTOVOLTAICAS | FRIT RAVICH\" \/>\n<meta property=\"og:description\" content=\"Frit Ravich ha iniciado la instalaci\u00f3n de placas fotovoltaicas.\" \/>\n<meta property=\"og:url\" content=\"https:\/\/www.fritravich.com\/en\/news\/installation-of-photovoltaic-panels\/\" \/>\n<meta property=\"og:site_name\" content=\"Frit Ravich\" \/>\n<meta property=\"article:publisher\" content=\"https:\/\/www.facebook.com\/FritRavich\/\" \/>\n<meta property=\"article:published_time\" content=\"2017-06-22T15:35:35+00:00\" \/>\n<meta property=\"article:modified_time\" content=\"2017-08-18T07:32:58+00:00\" \/>\n<meta property=\"og:image\" content=\"http:\/\/www.fritravich.com\/wp-content\/uploads\/2017\/06\/LOGO_FRIT_RAVICH_FB.jpg\" \/>\n<meta name=\"author\" content=\"Sonia Prieto\" \/>\n<meta name=\"twitter:label1\" content=\"Written by\" \/>\n\t<meta name=\"twitter:data1\" content=\"Sonia Prieto\" \/>\n<script type=\"application\/ld+json\" class=\"yoast-schema-graph\">{\"@context\":\"https:\\\/\\\/schema.org\",\"@graph\":[{\"@type\":\"Article\",\"@id\":\"https:\\\/\\\/www.fritravich.com\\\/en\\\/news\\\/installation-of-photovoltaic-panels\\\/#article\",\"isPartOf\":{\"@id\":\"https:\\\/\\\/www.fritravich.com\\\/en\\\/news\\\/installation-of-photovoltaic-panels\\\/\"},\"author\":{\"name\":\"Sonia Prieto\",\"@id\":\"https:\\\/\\\/www.fritravich.com\\\/#\\\/schema\\\/person\\\/2ccd27bf37707e0ca4a6fa4f20478f9a\"},\"headline\":\"INSTALLATION OF PHOTOVOLTAIC PANELS\",\"datePublished\":\"2017-06-22T15:35:35+00:00\",\"dateModified\":\"2017-08-18T07:32:58+00:00\",\"mainEntityOfPage\":{\"@id\":\"https:\\\/\\\/www.fritravich.com\\\/en\\\/news\\\/installation-of-photovoltaic-panels\\\/\"},\"wordCount\":52,\"image\":{\"@id\":\"https:\\\/\\\/www.fritravich.com\\\/en\\\/news\\\/installation-of-photovoltaic-panels\\\/#primaryimage\"},\"thumbnailUrl\":\"https:\\\/\\\/www.fritravich.com\\\/wp-content\\\/uploads\\\/2017\\\/06\\\/N6_placas_fotovoltaicas_frit_ravich.jpg\",\"articleSection\":[\"News\"],\"inLanguage\":\"en-US\"},{\"@type\":\"WebPage\",\"@id\":\"https:\\\/\\\/www.fritravich.com\\\/en\\\/news\\\/installation-of-photovoltaic-panels\\\/\",\"url\":\"https:\\\/\\\/www.fritravich.com\\\/en\\\/news\\\/installation-of-photovoltaic-panels\\\/\",\"name\":\"INSTALLATION OF PHOTOVOLTAIC PANELS | FRIT RAVICH\",\"isPartOf\":{\"@id\":\"https:\\\/\\\/www.fritravich.com\\\/#website\"},\"primaryImageOfPage\":{\"@id\":\"https:\\\/\\\/www.fritravich.com\\\/en\\\/news\\\/installation-of-photovoltaic-panels\\\/#primaryimage\"},\"image\":{\"@id\":\"https:\\\/\\\/www.fritravich.com\\\/en\\\/news\\\/installation-of-photovoltaic-panels\\\/#primaryimage\"},\"thumbnailUrl\":\"https:\\\/\\\/www.fritravich.com\\\/wp-content\\\/uploads\\\/2017\\\/06\\\/N6_placas_fotovoltaicas_frit_ravich.jpg\",\"datePublished\":\"2017-06-22T15:35:35+00:00\",\"dateModified\":\"2017-08-18T07:32:58+00:00\",\"author\":{\"@id\":\"https:\\\/\\\/www.fritravich.com\\\/#\\\/schema\\\/person\\\/2ccd27bf37707e0ca4a6fa4f20478f9a\"},\"description\":\"Installation de panneaux photovolta\u00efques dans Fritte Ravitch. L'installation se compose de 1584 panneaux photovolta\u00efques qui vont g\u00e9n\u00e9rer un pic de 435 kW.\",\"breadcrumb\":{\"@id\":\"https:\\\/\\\/www.fritravich.com\\\/en\\\/news\\\/installation-of-photovoltaic-panels\\\/#breadcrumb\"},\"inLanguage\":\"en-US\",\"potentialAction\":[{\"@type\":\"ReadAction\",\"target\":[\"https:\\\/\\\/www.fritravich.com\\\/en\\\/news\\\/installation-of-photovoltaic-panels\\\/\"]}]},{\"@type\":\"ImageObject\",\"inLanguage\":\"en-US\",\"@id\":\"https:\\\/\\\/www.fritravich.com\\\/en\\\/news\\\/installation-of-photovoltaic-panels\\\/#primaryimage\",\"url\":\"https:\\\/\\\/www.fritravich.com\\\/wp-content\\\/uploads\\\/2017\\\/06\\\/N6_placas_fotovoltaicas_frit_ravich.jpg\",\"contentUrl\":\"https:\\\/\\\/www.fritravich.com\\\/wp-content\\\/uploads\\\/2017\\\/06\\\/N6_placas_fotovoltaicas_frit_ravich.jpg\",\"width\":5184,\"height\":3456},{\"@type\":\"BreadcrumbList\",\"@id\":\"https:\\\/\\\/www.fritravich.com\\\/en\\\/news\\\/installation-of-photovoltaic-panels\\\/#breadcrumb\",\"itemListElement\":[{\"@type\":\"ListItem\",\"position\":1,\"name\":\"Portada\",\"item\":\"https:\\\/\\\/www.fritravich.com\\\/en\\\/\"},{\"@type\":\"ListItem\",\"position\":2,\"name\":\"INSTALLATION OF PHOTOVOLTAIC PANELS\"}]},{\"@type\":\"WebSite\",\"@id\":\"https:\\\/\\\/www.fritravich.com\\\/#website\",\"url\":\"https:\\\/\\\/www.fritravich.com\\\/\",\"name\":\"Frit Ravich\",\"description\":\"Otro sitio realizado con WordPress\",\"potentialAction\":[{\"@type\":\"SearchAction\",\"target\":{\"@type\":\"EntryPoint\",\"urlTemplate\":\"https:\\\/\\\/www.fritravich.com\\\/?s={search_term_string}\"},\"query-input\":{\"@type\":\"PropertyValueSpecification\",\"valueRequired\":true,\"valueName\":\"search_term_string\"}}],\"inLanguage\":\"en-US\"},{\"@type\":\"Person\",\"@id\":\"https:\\\/\\\/www.fritravich.com\\\/#\\\/schema\\\/person\\\/2ccd27bf37707e0ca4a6fa4f20478f9a\",\"name\":\"Sonia Prieto\",\"image\":{\"@type\":\"ImageObject\",\"inLanguage\":\"en-US\",\"@id\":\"https:\\\/\\\/secure.gravatar.com\\\/avatar\\\/a312ac7dc2299aa5831b3a8a27429ad73334e44e4174888cb6d00b0ed2e3fd45?s=96&d=mm&r=g\",\"url\":\"https:\\\/\\\/secure.gravatar.com\\\/avatar\\\/a312ac7dc2299aa5831b3a8a27429ad73334e44e4174888cb6d00b0ed2e3fd45?s=96&d=mm&r=g\",\"contentUrl\":\"https:\\\/\\\/secure.gravatar.com\\\/avatar\\\/a312ac7dc2299aa5831b3a8a27429ad73334e44e4174888cb6d00b0ed2e3fd45?s=96&d=mm&r=g\",\"caption\":\"Sonia Prieto\"},\"url\":\"https:\\\/\\\/www.fritravich.com\\\/en\\\/author\\\/sonia-prieto\\\/\"}]}<\/script>\n<!-- \/ Yoast SEO plugin. -->","yoast_head_json":{"title":"INSTALLATION OF PHOTOVOLTAIC PANELS | FRIT RAVICH","description":"Installation de panneaux photovolta\u00efques dans Fritte Ravitch. L'installation se compose de 1584 panneaux photovolta\u00efques qui vont g\u00e9n\u00e9rer un pic de 435 kW.","robots":{"index":"index","follow":"follow","max-snippet":"max-snippet:-1","max-image-preview":"max-image-preview:large","max-video-preview":"max-video-preview:-1"},"canonical":"https:\/\/www.fritravich.com\/en\/news\/installation-of-photovoltaic-panels\/","og_locale":"en_US","og_type":"article","og_title":"INSTALACI\u00d3N DE PLACAS FOTOVOLTAICAS | FRIT RAVICH","og_description":"Frit Ravich ha iniciado la instalaci\u00f3n de placas fotovoltaicas.","og_url":"https:\/\/www.fritravich.com\/en\/news\/installation-of-photovoltaic-panels\/","og_site_name":"Frit Ravich","article_publisher":"https:\/\/www.facebook.com\/FritRavich\/","article_published_time":"2017-06-22T15:35:35+00:00","article_modified_time":"2017-08-18T07:32:58+00:00","og_image":[{"url":"http:\/\/www.fritravich.com\/wp-content\/uploads\/2017\/06\/LOGO_FRIT_RAVICH_FB.jpg","type":"","width":"","height":""}],"author":"Sonia Prieto","twitter_misc":{"Written by":"Sonia Prieto"},"schema":{"@context":"https:\/\/schema.org","@graph":[{"@type":"Article","@id":"https:\/\/www.fritravich.com\/en\/news\/installation-of-photovoltaic-panels\/#article","isPartOf":{"@id":"https:\/\/www.fritravich.com\/en\/news\/installation-of-photovoltaic-panels\/"},"author":{"name":"Sonia Prieto","@id":"https:\/\/www.fritravich.com\/#\/schema\/person\/2ccd27bf37707e0ca4a6fa4f20478f9a"},"headline":"INSTALLATION OF PHOTOVOLTAIC PANELS","datePublished":"2017-06-22T15:35:35+00:00","dateModified":"2017-08-18T07:32:58+00:00","mainEntityOfPage":{"@id":"https:\/\/www.fritravich.com\/en\/news\/installation-of-photovoltaic-panels\/"},"wordCount":52,"image":{"@id":"https:\/\/www.fritravich.com\/en\/news\/installation-of-photovoltaic-panels\/#primaryimage"},"thumbnailUrl":"https:\/\/www.fritravich.com\/wp-content\/uploads\/2017\/06\/N6_placas_fotovoltaicas_frit_ravich.jpg","articleSection":["News"],"inLanguage":"en-US"},{"@type":"WebPage","@id":"https:\/\/www.fritravich.com\/en\/news\/installation-of-photovoltaic-panels\/","url":"https:\/\/www.fritravich.com\/en\/news\/installation-of-photovoltaic-panels\/","name":"INSTALLATION OF PHOTOVOLTAIC PANELS | FRIT RAVICH","isPartOf":{"@id":"https:\/\/www.fritravich.com\/#website"},"primaryImageOfPage":{"@id":"https:\/\/www.fritravich.com\/en\/news\/installation-of-photovoltaic-panels\/#primaryimage"},"image":{"@id":"https:\/\/www.fritravich.com\/en\/news\/installation-of-photovoltaic-panels\/#primaryimage"},"thumbnailUrl":"https:\/\/www.fritravich.com\/wp-content\/uploads\/2017\/06\/N6_placas_fotovoltaicas_frit_ravich.jpg","datePublished":"2017-06-22T15:35:35+00:00","dateModified":"2017-08-18T07:32:58+00:00","author":{"@id":"https:\/\/www.fritravich.com\/#\/schema\/person\/2ccd27bf37707e0ca4a6fa4f20478f9a"},"description":"Installation de panneaux photovolta\u00efques dans Fritte Ravitch. L'installation se compose de 1584 panneaux photovolta\u00efques qui vont g\u00e9n\u00e9rer un pic de 435 kW.","breadcrumb":{"@id":"https:\/\/www.fritravich.com\/en\/news\/installation-of-photovoltaic-panels\/#breadcrumb"},"inLanguage":"en-US","potentialAction":[{"@type":"ReadAction","target":["https:\/\/www.fritravich.com\/en\/news\/installation-of-photovoltaic-panels\/"]}]},{"@type":"ImageObject","inLanguage":"en-US","@id":"https:\/\/www.fritravich.com\/en\/news\/installation-of-photovoltaic-panels\/#primaryimage","url":"https:\/\/www.fritravich.com\/wp-content\/uploads\/2017\/06\/N6_placas_fotovoltaicas_frit_ravich.jpg","contentUrl":"https:\/\/www.fritravich.com\/wp-content\/uploads\/2017\/06\/N6_placas_fotovoltaicas_frit_ravich.jpg","width":5184,"height":3456},{"@type":"BreadcrumbList","@id":"https:\/\/www.fritravich.com\/en\/news\/installation-of-photovoltaic-panels\/#breadcrumb","itemListElement":[{"@type":"ListItem","position":1,"name":"Portada","item":"https:\/\/www.fritravich.com\/en\/"},{"@type":"ListItem","position":2,"name":"INSTALLATION OF PHOTOVOLTAIC PANELS"}]},{"@type":"WebSite","@id":"https:\/\/www.fritravich.com\/#website","url":"https:\/\/www.fritravich.com\/","name":"Frit Ravich","description":"Otro sitio realizado con WordPress","potentialAction":[{"@type":"SearchAction","target":{"@type":"EntryPoint","urlTemplate":"https:\/\/www.fritravich.com\/?s={search_term_string}"},"query-input":{"@type":"PropertyValueSpecification","valueRequired":true,"valueName":"search_term_string"}}],"inLanguage":"en-US"},{"@type":"Person","@id":"https:\/\/www.fritravich.com\/#\/schema\/person\/2ccd27bf37707e0ca4a6fa4f20478f9a","name":"Sonia Prieto","image":{"@type":"ImageObject","inLanguage":"en-US","@id":"https:\/\/secure.gravatar.com\/avatar\/a312ac7dc2299aa5831b3a8a27429ad73334e44e4174888cb6d00b0ed2e3fd45?s=96&d=mm&r=g","url":"https:\/\/secure.gravatar.com\/avatar\/a312ac7dc2299aa5831b3a8a27429ad73334e44e4174888cb6d00b0ed2e3fd45?s=96&d=mm&r=g","contentUrl":"https:\/\/secure.gravatar.com\/avatar\/a312ac7dc2299aa5831b3a8a27429ad73334e44e4174888cb6d00b0ed2e3fd45?s=96&d=mm&r=g","caption":"Sonia Prieto"},"url":"https:\/\/www.fritravich.com\/en\/author\/sonia-prieto\/"}]}},"_links":{"self":[{"href":"https:\/\/www.fritravich.com\/en\/wp-json\/wp\/v2\/posts\/2615","targetHints":{"allow":["GET"]}}],"collection":[{"href":"https:\/\/www.fritravich.com\/en\/wp-json\/wp\/v2\/posts"}],"about":[{"href":"https:\/\/www.fritravich.com\/en\/wp-json\/wp\/v2\/types\/post"}],"author":[{"embeddable":true,"href":"https:\/\/www.fritravich.com\/en\/wp-json\/wp\/v2\/users\/3"}],"replies":[{"embeddable":true,"href":"https:\/\/www.fritravich.com\/en\/wp-json\/wp\/v2\/comments?post=2615"}],"version-history":[{"count":2,"href":"https:\/\/www.fritravich.com\/en\/wp-json\/wp\/v2\/posts\/2615\/revisions"}],"predecessor-version":[{"id":5096,"href":"https:\/\/www.fritravich.com\/en\/wp-json\/wp\/v2\/posts\/2615\/revisions\/5096"}],"wp:featuredmedia":[{"embeddable":true,"href":"https:\/\/www.fritravich.com\/en\/wp-json\/wp\/v2\/media\/3807"}],"wp:attachment":[{"href":"https:\/\/www.fritravich.com\/en\/wp-json\/wp\/v2\/media?parent=2615"}],"wp:term":[{"taxonomy":"category","embeddable":true,"href":"https:\/\/www.fritravich.com\/en\/wp-json\/wp\/v2\/categories?post=2615"},{"taxonomy":"post_tag","embeddable":true,"href":"https:\/\/www.fritravich.com\/en\/wp-json\/wp\/v2\/tags?post=2615"}],"curies":[{"name":"wp","href":"https:\/\/api.w.org\/{rel}","templated":true}]}}