{"id":2632,"date":"2017-05-29T14:53:09","date_gmt":"2017-05-29T14:53:09","guid":{"rendered":"http:\/\/www.fritravich.com\/sin-categoria-en\/compromiso-la-igualdad-laboral\/"},"modified":"2017-10-17T13:06:07","modified_gmt":"2017-10-17T13:06:07","slug":"commitment-to-equality-in-the-labour-market","status":"publish","type":"post","link":"https:\/\/www.fritravich.com\/en\/news\/commitment-to-equality-in-the-labour-market\/","title":{"rendered":"FRIT RAVICH \u2013 COMMITMENT TO EQUALITY IN THE LABOUR MARKET"},"content":{"rendered":"<p>One of the strategic cornerstones of <strong>Frit Ravich<\/strong> is the value of its people, who are the most important asset of the company. For this reason, the company has incorporated 11 workers who are at risk of social exclusion through the Incorpora programme, which is an employment mediation programme run by the <strong>La Caixa Social Project<\/strong>.<\/p>\n<p>For the company, being part of this programme means providing equal opportunities to different groups, and thus giving a better quality of life to people most in need. The jobs these workers have tend to be permanent positions with limited rotation. Furthermore, just like the rest of their colleagues, they follow an induction plan whereby they are shown round the facilities and introduced to the people with whom they will be working.<\/p>\n<p>In addition to Incorpora, Frit Ravich collaborates with other organisations such as the <strong>Berstelsmann Foundation<\/strong>, aimed at improving the employability of young people in Spain, through the Dual Vocational Training programme, by incorporating young people into the Sales and Quality departments. The aim is to extend this programme to other departments in the future.<\/p>\n<p>Moreover, the company collaborates with other organisations such as <strong>Mifas<\/strong>, <strong>Fundaci\u00f3 Eurofirms<\/strong> and <strong>Fundaci\u00f3 Ramon Noguera<\/strong>.<\/p>\n<p>For the company, the incorporation of people with different abilities is important for everybody, because when a person is hired, irrespective of their status, it is a learning experience for the whole team.<\/p>\n","protected":false},"excerpt":{"rendered":"<p>One of the strategic cornerstones of Frit Ravich is the value of its people, who [&hellip;]<\/p>\n","protected":false},"author":3,"featured_media":3762,"comment_status":"closed","ping_status":"closed","sticky":false,"template":"","format":"standard","meta":{"_acf_changed":false,"_monsterinsights_skip_tracking":false,"_monsterinsights_sitenote_active":false,"_monsterinsights_sitenote_note":"","_monsterinsights_sitenote_category":0,"footnotes":""},"categories":[177],"tags":[],"class_list":["post-2632","post","type-post","status-publish","format-standard","has-post-thumbnail","hentry","category-news"],"acf":[],"yoast_head":"<!-- This site is optimized with the Yoast SEO plugin v27.3 - https:\/\/yoast.com\/product\/yoast-seo-wordpress\/ -->\n<title>Commitment to equality in the labour market | Pilares de Frit Ravich<\/title>\n<meta name=\"description\" content=\"Engagement \u00e0 l&#039;\u00e9galit\u00e9 en milieu de travail. la soci\u00e9t\u00e9 a ajout\u00e9 11 travailleurs \u00e0 risque d&#039;exclusion sociale par le biais du programme int\u00e8gre.\" \/>\n<meta name=\"robots\" content=\"index, follow, max-snippet:-1, max-image-preview:large, max-video-preview:-1\" \/>\n<link rel=\"canonical\" href=\"https:\/\/www.fritravich.com\/en\/news\/commitment-to-equality-in-the-labour-market\/\" \/>\n<meta property=\"og:locale\" content=\"en_US\" \/>\n<meta property=\"og:type\" content=\"article\" \/>\n<meta property=\"og:title\" content=\"Commitment to equality in the labour market | Pillars of Frit Ravich\" \/>\n<meta property=\"og:description\" content=\"The company has incorporated 11 workers at risk of social exclusion through the Incorpora Program.\" \/>\n<meta property=\"og:url\" content=\"https:\/\/www.fritravich.com\/en\/news\/commitment-to-equality-in-the-labour-market\/\" \/>\n<meta property=\"og:site_name\" content=\"Frit Ravich\" \/>\n<meta property=\"article:publisher\" content=\"https:\/\/www.facebook.com\/FritRavich\/\" \/>\n<meta property=\"article:published_time\" content=\"2017-05-29T14:53:09+00:00\" \/>\n<meta property=\"article:modified_time\" content=\"2017-10-17T13:06:07+00:00\" \/>\n<meta property=\"og:image\" content=\"http:\/\/www.fritravich.com\/wp-content\/uploads\/2017\/06\/LOGO_FRIT_RAVICH_FB.jpg\" \/>\n<meta name=\"author\" content=\"Sonia Prieto\" \/>\n<meta name=\"twitter:label1\" content=\"Written by\" \/>\n\t<meta name=\"twitter:data1\" content=\"Sonia Prieto\" \/>\n\t<meta name=\"twitter:label2\" content=\"Est. reading time\" \/>\n\t<meta name=\"twitter:data2\" content=\"1 minute\" \/>\n<script type=\"application\/ld+json\" class=\"yoast-schema-graph\">{\"@context\":\"https:\\\/\\\/schema.org\",\"@graph\":[{\"@type\":\"Article\",\"@id\":\"https:\\\/\\\/www.fritravich.com\\\/en\\\/news\\\/commitment-to-equality-in-the-labour-market\\\/#article\",\"isPartOf\":{\"@id\":\"https:\\\/\\\/www.fritravich.com\\\/en\\\/news\\\/commitment-to-equality-in-the-labour-market\\\/\"},\"author\":{\"name\":\"Sonia Prieto\",\"@id\":\"https:\\\/\\\/www.fritravich.com\\\/#\\\/schema\\\/person\\\/2ccd27bf37707e0ca4a6fa4f20478f9a\"},\"headline\":\"FRIT RAVICH \u2013 COMMITMENT TO EQUALITY IN THE LABOUR MARKET\",\"datePublished\":\"2017-05-29T14:53:09+00:00\",\"dateModified\":\"2017-10-17T13:06:07+00:00\",\"mainEntityOfPage\":{\"@id\":\"https:\\\/\\\/www.fritravich.com\\\/en\\\/news\\\/commitment-to-equality-in-the-labour-market\\\/\"},\"wordCount\":239,\"image\":{\"@id\":\"https:\\\/\\\/www.fritravich.com\\\/en\\\/news\\\/commitment-to-equality-in-the-labour-market\\\/#primaryimage\"},\"thumbnailUrl\":\"https:\\\/\\\/www.fritravich.com\\\/wp-content\\\/uploads\\\/2017\\\/06\\\/N1_Compromiso_igualdad_laboral.jpg\",\"articleSection\":[\"News\"],\"inLanguage\":\"en-US\"},{\"@type\":\"WebPage\",\"@id\":\"https:\\\/\\\/www.fritravich.com\\\/en\\\/news\\\/commitment-to-equality-in-the-labour-market\\\/\",\"url\":\"https:\\\/\\\/www.fritravich.com\\\/en\\\/news\\\/commitment-to-equality-in-the-labour-market\\\/\",\"name\":\"Commitment to equality in the labour market | Pilares de Frit Ravich\",\"isPartOf\":{\"@id\":\"https:\\\/\\\/www.fritravich.com\\\/#website\"},\"primaryImageOfPage\":{\"@id\":\"https:\\\/\\\/www.fritravich.com\\\/en\\\/news\\\/commitment-to-equality-in-the-labour-market\\\/#primaryimage\"},\"image\":{\"@id\":\"https:\\\/\\\/www.fritravich.com\\\/en\\\/news\\\/commitment-to-equality-in-the-labour-market\\\/#primaryimage\"},\"thumbnailUrl\":\"https:\\\/\\\/www.fritravich.com\\\/wp-content\\\/uploads\\\/2017\\\/06\\\/N1_Compromiso_igualdad_laboral.jpg\",\"datePublished\":\"2017-05-29T14:53:09+00:00\",\"dateModified\":\"2017-10-17T13:06:07+00:00\",\"author\":{\"@id\":\"https:\\\/\\\/www.fritravich.com\\\/#\\\/schema\\\/person\\\/2ccd27bf37707e0ca4a6fa4f20478f9a\"},\"description\":\"Engagement \u00e0 l'\u00e9galit\u00e9 en milieu de travail. la soci\u00e9t\u00e9 a ajout\u00e9 11 travailleurs \u00e0 risque d'exclusion sociale par le biais du programme int\u00e8gre.\",\"breadcrumb\":{\"@id\":\"https:\\\/\\\/www.fritravich.com\\\/en\\\/news\\\/commitment-to-equality-in-the-labour-market\\\/#breadcrumb\"},\"inLanguage\":\"en-US\",\"potentialAction\":[{\"@type\":\"ReadAction\",\"target\":[\"https:\\\/\\\/www.fritravich.com\\\/en\\\/news\\\/commitment-to-equality-in-the-labour-market\\\/\"]}]},{\"@type\":\"ImageObject\",\"inLanguage\":\"en-US\",\"@id\":\"https:\\\/\\\/www.fritravich.com\\\/en\\\/news\\\/commitment-to-equality-in-the-labour-market\\\/#primaryimage\",\"url\":\"https:\\\/\\\/www.fritravich.com\\\/wp-content\\\/uploads\\\/2017\\\/06\\\/N1_Compromiso_igualdad_laboral.jpg\",\"contentUrl\":\"https:\\\/\\\/www.fritravich.com\\\/wp-content\\\/uploads\\\/2017\\\/06\\\/N1_Compromiso_igualdad_laboral.jpg\",\"width\":1855,\"height\":1467},{\"@type\":\"BreadcrumbList\",\"@id\":\"https:\\\/\\\/www.fritravich.com\\\/en\\\/news\\\/commitment-to-equality-in-the-labour-market\\\/#breadcrumb\",\"itemListElement\":[{\"@type\":\"ListItem\",\"position\":1,\"name\":\"Portada\",\"item\":\"https:\\\/\\\/www.fritravich.com\\\/en\\\/\"},{\"@type\":\"ListItem\",\"position\":2,\"name\":\"FRIT RAVICH \u2013 COMMITMENT TO EQUALITY IN THE LABOUR MARKET\"}]},{\"@type\":\"WebSite\",\"@id\":\"https:\\\/\\\/www.fritravich.com\\\/#website\",\"url\":\"https:\\\/\\\/www.fritravich.com\\\/\",\"name\":\"Frit Ravich\",\"description\":\"Otro sitio realizado con WordPress\",\"potentialAction\":[{\"@type\":\"SearchAction\",\"target\":{\"@type\":\"EntryPoint\",\"urlTemplate\":\"https:\\\/\\\/www.fritravich.com\\\/?s={search_term_string}\"},\"query-input\":{\"@type\":\"PropertyValueSpecification\",\"valueRequired\":true,\"valueName\":\"search_term_string\"}}],\"inLanguage\":\"en-US\"},{\"@type\":\"Person\",\"@id\":\"https:\\\/\\\/www.fritravich.com\\\/#\\\/schema\\\/person\\\/2ccd27bf37707e0ca4a6fa4f20478f9a\",\"name\":\"Sonia Prieto\",\"image\":{\"@type\":\"ImageObject\",\"inLanguage\":\"en-US\",\"@id\":\"https:\\\/\\\/secure.gravatar.com\\\/avatar\\\/a312ac7dc2299aa5831b3a8a27429ad73334e44e4174888cb6d00b0ed2e3fd45?s=96&d=mm&r=g\",\"url\":\"https:\\\/\\\/secure.gravatar.com\\\/avatar\\\/a312ac7dc2299aa5831b3a8a27429ad73334e44e4174888cb6d00b0ed2e3fd45?s=96&d=mm&r=g\",\"contentUrl\":\"https:\\\/\\\/secure.gravatar.com\\\/avatar\\\/a312ac7dc2299aa5831b3a8a27429ad73334e44e4174888cb6d00b0ed2e3fd45?s=96&d=mm&r=g\",\"caption\":\"Sonia Prieto\"},\"url\":\"https:\\\/\\\/www.fritravich.com\\\/en\\\/author\\\/sonia-prieto\\\/\"}]}<\/script>\n<!-- \/ Yoast SEO plugin. -->","yoast_head_json":{"title":"Commitment to equality in the labour market | Pilares de Frit Ravich","description":"Engagement \u00e0 l'\u00e9galit\u00e9 en milieu de travail. la soci\u00e9t\u00e9 a ajout\u00e9 11 travailleurs \u00e0 risque d'exclusion sociale par le biais du programme int\u00e8gre.","robots":{"index":"index","follow":"follow","max-snippet":"max-snippet:-1","max-image-preview":"max-image-preview:large","max-video-preview":"max-video-preview:-1"},"canonical":"https:\/\/www.fritravich.com\/en\/news\/commitment-to-equality-in-the-labour-market\/","og_locale":"en_US","og_type":"article","og_title":"Commitment to equality in the labour market | Pillars of Frit Ravich","og_description":"The company has incorporated 11 workers at risk of social exclusion through the Incorpora Program.","og_url":"https:\/\/www.fritravich.com\/en\/news\/commitment-to-equality-in-the-labour-market\/","og_site_name":"Frit Ravich","article_publisher":"https:\/\/www.facebook.com\/FritRavich\/","article_published_time":"2017-05-29T14:53:09+00:00","article_modified_time":"2017-10-17T13:06:07+00:00","og_image":[{"url":"http:\/\/www.fritravich.com\/wp-content\/uploads\/2017\/06\/LOGO_FRIT_RAVICH_FB.jpg","type":"","width":"","height":""}],"author":"Sonia Prieto","twitter_misc":{"Written by":"Sonia Prieto","Est. reading time":"1 minute"},"schema":{"@context":"https:\/\/schema.org","@graph":[{"@type":"Article","@id":"https:\/\/www.fritravich.com\/en\/news\/commitment-to-equality-in-the-labour-market\/#article","isPartOf":{"@id":"https:\/\/www.fritravich.com\/en\/news\/commitment-to-equality-in-the-labour-market\/"},"author":{"name":"Sonia Prieto","@id":"https:\/\/www.fritravich.com\/#\/schema\/person\/2ccd27bf37707e0ca4a6fa4f20478f9a"},"headline":"FRIT RAVICH \u2013 COMMITMENT TO EQUALITY IN THE LABOUR MARKET","datePublished":"2017-05-29T14:53:09+00:00","dateModified":"2017-10-17T13:06:07+00:00","mainEntityOfPage":{"@id":"https:\/\/www.fritravich.com\/en\/news\/commitment-to-equality-in-the-labour-market\/"},"wordCount":239,"image":{"@id":"https:\/\/www.fritravich.com\/en\/news\/commitment-to-equality-in-the-labour-market\/#primaryimage"},"thumbnailUrl":"https:\/\/www.fritravich.com\/wp-content\/uploads\/2017\/06\/N1_Compromiso_igualdad_laboral.jpg","articleSection":["News"],"inLanguage":"en-US"},{"@type":"WebPage","@id":"https:\/\/www.fritravich.com\/en\/news\/commitment-to-equality-in-the-labour-market\/","url":"https:\/\/www.fritravich.com\/en\/news\/commitment-to-equality-in-the-labour-market\/","name":"Commitment to equality in the labour market | Pilares de Frit Ravich","isPartOf":{"@id":"https:\/\/www.fritravich.com\/#website"},"primaryImageOfPage":{"@id":"https:\/\/www.fritravich.com\/en\/news\/commitment-to-equality-in-the-labour-market\/#primaryimage"},"image":{"@id":"https:\/\/www.fritravich.com\/en\/news\/commitment-to-equality-in-the-labour-market\/#primaryimage"},"thumbnailUrl":"https:\/\/www.fritravich.com\/wp-content\/uploads\/2017\/06\/N1_Compromiso_igualdad_laboral.jpg","datePublished":"2017-05-29T14:53:09+00:00","dateModified":"2017-10-17T13:06:07+00:00","author":{"@id":"https:\/\/www.fritravich.com\/#\/schema\/person\/2ccd27bf37707e0ca4a6fa4f20478f9a"},"description":"Engagement \u00e0 l'\u00e9galit\u00e9 en milieu de travail. la soci\u00e9t\u00e9 a ajout\u00e9 11 travailleurs \u00e0 risque d'exclusion sociale par le biais du programme int\u00e8gre.","breadcrumb":{"@id":"https:\/\/www.fritravich.com\/en\/news\/commitment-to-equality-in-the-labour-market\/#breadcrumb"},"inLanguage":"en-US","potentialAction":[{"@type":"ReadAction","target":["https:\/\/www.fritravich.com\/en\/news\/commitment-to-equality-in-the-labour-market\/"]}]},{"@type":"ImageObject","inLanguage":"en-US","@id":"https:\/\/www.fritravich.com\/en\/news\/commitment-to-equality-in-the-labour-market\/#primaryimage","url":"https:\/\/www.fritravich.com\/wp-content\/uploads\/2017\/06\/N1_Compromiso_igualdad_laboral.jpg","contentUrl":"https:\/\/www.fritravich.com\/wp-content\/uploads\/2017\/06\/N1_Compromiso_igualdad_laboral.jpg","width":1855,"height":1467},{"@type":"BreadcrumbList","@id":"https:\/\/www.fritravich.com\/en\/news\/commitment-to-equality-in-the-labour-market\/#breadcrumb","itemListElement":[{"@type":"ListItem","position":1,"name":"Portada","item":"https:\/\/www.fritravich.com\/en\/"},{"@type":"ListItem","position":2,"name":"FRIT RAVICH \u2013 COMMITMENT TO EQUALITY IN THE LABOUR MARKET"}]},{"@type":"WebSite","@id":"https:\/\/www.fritravich.com\/#website","url":"https:\/\/www.fritravich.com\/","name":"Frit Ravich","description":"Otro sitio realizado con WordPress","potentialAction":[{"@type":"SearchAction","target":{"@type":"EntryPoint","urlTemplate":"https:\/\/www.fritravich.com\/?s={search_term_string}"},"query-input":{"@type":"PropertyValueSpecification","valueRequired":true,"valueName":"search_term_string"}}],"inLanguage":"en-US"},{"@type":"Person","@id":"https:\/\/www.fritravich.com\/#\/schema\/person\/2ccd27bf37707e0ca4a6fa4f20478f9a","name":"Sonia Prieto","image":{"@type":"ImageObject","inLanguage":"en-US","@id":"https:\/\/secure.gravatar.com\/avatar\/a312ac7dc2299aa5831b3a8a27429ad73334e44e4174888cb6d00b0ed2e3fd45?s=96&d=mm&r=g","url":"https:\/\/secure.gravatar.com\/avatar\/a312ac7dc2299aa5831b3a8a27429ad73334e44e4174888cb6d00b0ed2e3fd45?s=96&d=mm&r=g","contentUrl":"https:\/\/secure.gravatar.com\/avatar\/a312ac7dc2299aa5831b3a8a27429ad73334e44e4174888cb6d00b0ed2e3fd45?s=96&d=mm&r=g","caption":"Sonia Prieto"},"url":"https:\/\/www.fritravich.com\/en\/author\/sonia-prieto\/"}]}},"_links":{"self":[{"href":"https:\/\/www.fritravich.com\/en\/wp-json\/wp\/v2\/posts\/2632","targetHints":{"allow":["GET"]}}],"collection":[{"href":"https:\/\/www.fritravich.com\/en\/wp-json\/wp\/v2\/posts"}],"about":[{"href":"https:\/\/www.fritravich.com\/en\/wp-json\/wp\/v2\/types\/post"}],"author":[{"embeddable":true,"href":"https:\/\/www.fritravich.com\/en\/wp-json\/wp\/v2\/users\/3"}],"replies":[{"embeddable":true,"href":"https:\/\/www.fritravich.com\/en\/wp-json\/wp\/v2\/comments?post=2632"}],"version-history":[{"count":3,"href":"https:\/\/www.fritravich.com\/en\/wp-json\/wp\/v2\/posts\/2632\/revisions"}],"predecessor-version":[{"id":5654,"href":"https:\/\/www.fritravich.com\/en\/wp-json\/wp\/v2\/posts\/2632\/revisions\/5654"}],"wp:featuredmedia":[{"embeddable":true,"href":"https:\/\/www.fritravich.com\/en\/wp-json\/wp\/v2\/media\/3762"}],"wp:attachment":[{"href":"https:\/\/www.fritravich.com\/en\/wp-json\/wp\/v2\/media?parent=2632"}],"wp:term":[{"taxonomy":"category","embeddable":true,"href":"https:\/\/www.fritravich.com\/en\/wp-json\/wp\/v2\/categories?post=2632"},{"taxonomy":"post_tag","embeddable":true,"href":"https:\/\/www.fritravich.com\/en\/wp-json\/wp\/v2\/tags?post=2632"}],"curies":[{"name":"wp","href":"https:\/\/api.w.org\/{rel}","templated":true}]}}