{"id":2624,"date":"2017-06-22T15:30:26","date_gmt":"2017-06-22T15:30:26","guid":{"rendered":"http:\/\/www.fritravich.com\/sin-categoria-fr\/participacion-la-feria-expohip\/"},"modified":"2017-08-14T11:40:59","modified_gmt":"2017-08-14T11:40:59","slug":"participation-a-la-foire-expohip","status":"publish","type":"post","link":"https:\/\/www.fritravich.com\/fr\/informations\/participation-a-la-foire-expohip\/","title":{"rendered":"PARTICIPATION A LA FOIRE EXPOHIP"},"content":{"rendered":"<p>Du 19 au 21 f\u00e9vrier, <strong>Frit Ravich<\/strong> participera \u00e0 la premi\u00e8re \u00e9dition de la <strong>foire HIP<\/strong> (Hospitality Innovation Planet) \u00e0 l\u2019Ifema de Madrid, une foire consacr\u00e9e au secteur Horeca, o\u00f9 seront pr\u00e9sent\u00e9s des solutions sp\u00e9cifiques, de nouvelles tendances, des produits et des innovations concernant chacun des segments de cette cha\u00eene.<\/p>\n","protected":false},"excerpt":{"rendered":"<p>Du 19 au 21 f\u00e9vrier, Frit Ravich participera \u00e0 la premi\u00e8re \u00e9dition de la foire [&hellip;]<\/p>\n","protected":false},"author":3,"featured_media":3781,"comment_status":"closed","ping_status":"closed","sticky":false,"template":"","format":"standard","meta":{"_acf_changed":false,"_monsterinsights_skip_tracking":false,"_monsterinsights_sitenote_active":false,"_monsterinsights_sitenote_note":"","_monsterinsights_sitenote_category":0,"footnotes":""},"categories":[178],"tags":[],"class_list":["post-2624","post","type-post","status-publish","format-standard","has-post-thumbnail","hentry","category-informations"],"acf":[],"yoast_head":"<!-- This site is optimized with the Yoast SEO plugin v27.3 - https:\/\/yoast.com\/product\/yoast-seo-wordpress\/ -->\n<title>PARTICIPATION A LA FOIRE EXPOHIP | FRIT RAVICH<\/title>\n<meta name=\"description\" content=\"Du 19 au 21 f\u00e9vrier, Frit Ravich participera \u00e0 la premi\u00e8re \u00e9dition de la foire HIP\" \/>\n<meta name=\"robots\" content=\"index, follow, max-snippet:-1, max-image-preview:large, max-video-preview:-1\" \/>\n<link rel=\"canonical\" href=\"https:\/\/www.fritravich.com\/fr\/informations\/participation-a-la-foire-expohip\/\" \/>\n<meta property=\"og:locale\" content=\"fr_FR\" \/>\n<meta property=\"og:type\" content=\"article\" \/>\n<meta property=\"og:title\" content=\"FRIT RAVICH. PARTICIPATION A LA FOIRE EXPOHIP\" \/>\n<meta property=\"og:description\" content=\"Du 19 au 21 f\u00e9vrier, Frit Ravich participera \u00e0 la premi\u00e8re \u00e9dition de la foire HIP (Hospitality Innovation Planet) \u00e0 l\u2019Ifema de Madrid, une foire consacr\u00e9e au secteur Horeca, o\u00f9 seront pr\u00e9sent\u00e9s des solutions sp\u00e9cifiques, de nouvelles tendances, des produits et des innovations concernant chacun des segments de cette cha\u00eene.\" \/>\n<meta property=\"og:url\" content=\"https:\/\/www.fritravich.com\/fr\/informations\/participation-a-la-foire-expohip\/\" \/>\n<meta property=\"og:site_name\" content=\"Frit Ravich\" \/>\n<meta property=\"article:publisher\" content=\"https:\/\/www.facebook.com\/FritRavich\/\" \/>\n<meta property=\"article:published_time\" content=\"2017-06-22T15:30:26+00:00\" \/>\n<meta property=\"article:modified_time\" content=\"2017-08-14T11:40:59+00:00\" \/>\n<meta property=\"og:image\" content=\"http:\/\/www.fritravich.com\/wp-content\/uploads\/2017\/06\/LOGO_FRIT_RAVICH_FB.jpg\" \/>\n<meta name=\"author\" content=\"Sonia Prieto\" \/>\n<meta name=\"twitter:label1\" content=\"\u00c9crit par\" \/>\n\t<meta name=\"twitter:data1\" content=\"Sonia Prieto\" \/>\n<script type=\"application\/ld+json\" class=\"yoast-schema-graph\">{\"@context\":\"https:\\\/\\\/schema.org\",\"@graph\":[{\"@type\":\"Article\",\"@id\":\"https:\\\/\\\/www.fritravich.com\\\/fr\\\/informations\\\/participation-a-la-foire-expohip\\\/#article\",\"isPartOf\":{\"@id\":\"https:\\\/\\\/www.fritravich.com\\\/fr\\\/informations\\\/participation-a-la-foire-expohip\\\/\"},\"author\":{\"name\":\"Sonia Prieto\",\"@id\":\"https:\\\/\\\/www.fritravich.com\\\/#\\\/schema\\\/person\\\/2ccd27bf37707e0ca4a6fa4f20478f9a\"},\"headline\":\"PARTICIPATION A LA FOIRE EXPOHIP\",\"datePublished\":\"2017-06-22T15:30:26+00:00\",\"dateModified\":\"2017-08-14T11:40:59+00:00\",\"mainEntityOfPage\":{\"@id\":\"https:\\\/\\\/www.fritravich.com\\\/fr\\\/informations\\\/participation-a-la-foire-expohip\\\/\"},\"wordCount\":59,\"image\":{\"@id\":\"https:\\\/\\\/www.fritravich.com\\\/fr\\\/informations\\\/participation-a-la-foire-expohip\\\/#primaryimage\"},\"thumbnailUrl\":\"https:\\\/\\\/www.fritravich.com\\\/wp-content\\\/uploads\\\/2017\\\/06\\\/N5_Expohip.jpg\",\"articleSection\":[\"Informations\"],\"inLanguage\":\"fr-FR\"},{\"@type\":\"WebPage\",\"@id\":\"https:\\\/\\\/www.fritravich.com\\\/fr\\\/informations\\\/participation-a-la-foire-expohip\\\/\",\"url\":\"https:\\\/\\\/www.fritravich.com\\\/fr\\\/informations\\\/participation-a-la-foire-expohip\\\/\",\"name\":\"PARTICIPATION A LA FOIRE EXPOHIP | FRIT RAVICH\",\"isPartOf\":{\"@id\":\"https:\\\/\\\/www.fritravich.com\\\/#website\"},\"primaryImageOfPage\":{\"@id\":\"https:\\\/\\\/www.fritravich.com\\\/fr\\\/informations\\\/participation-a-la-foire-expohip\\\/#primaryimage\"},\"image\":{\"@id\":\"https:\\\/\\\/www.fritravich.com\\\/fr\\\/informations\\\/participation-a-la-foire-expohip\\\/#primaryimage\"},\"thumbnailUrl\":\"https:\\\/\\\/www.fritravich.com\\\/wp-content\\\/uploads\\\/2017\\\/06\\\/N5_Expohip.jpg\",\"datePublished\":\"2017-06-22T15:30:26+00:00\",\"dateModified\":\"2017-08-14T11:40:59+00:00\",\"author\":{\"@id\":\"https:\\\/\\\/www.fritravich.com\\\/#\\\/schema\\\/person\\\/2ccd27bf37707e0ca4a6fa4f20478f9a\"},\"description\":\"Du 19 au 21 f\u00e9vrier, Frit Ravich participera \u00e0 la premi\u00e8re \u00e9dition de la foire HIP\",\"breadcrumb\":{\"@id\":\"https:\\\/\\\/www.fritravich.com\\\/fr\\\/informations\\\/participation-a-la-foire-expohip\\\/#breadcrumb\"},\"inLanguage\":\"fr-FR\",\"potentialAction\":[{\"@type\":\"ReadAction\",\"target\":[\"https:\\\/\\\/www.fritravich.com\\\/fr\\\/informations\\\/participation-a-la-foire-expohip\\\/\"]}]},{\"@type\":\"ImageObject\",\"inLanguage\":\"fr-FR\",\"@id\":\"https:\\\/\\\/www.fritravich.com\\\/fr\\\/informations\\\/participation-a-la-foire-expohip\\\/#primaryimage\",\"url\":\"https:\\\/\\\/www.fritravich.com\\\/wp-content\\\/uploads\\\/2017\\\/06\\\/N5_Expohip.jpg\",\"contentUrl\":\"https:\\\/\\\/www.fritravich.com\\\/wp-content\\\/uploads\\\/2017\\\/06\\\/N5_Expohip.jpg\",\"width\":3264,\"height\":2448},{\"@type\":\"BreadcrumbList\",\"@id\":\"https:\\\/\\\/www.fritravich.com\\\/fr\\\/informations\\\/participation-a-la-foire-expohip\\\/#breadcrumb\",\"itemListElement\":[{\"@type\":\"ListItem\",\"position\":1,\"name\":\"Portada\",\"item\":\"https:\\\/\\\/www.fritravich.com\\\/fr\\\/\"},{\"@type\":\"ListItem\",\"position\":2,\"name\":\"PARTICIPATION A LA FOIRE EXPOHIP\"}]},{\"@type\":\"WebSite\",\"@id\":\"https:\\\/\\\/www.fritravich.com\\\/#website\",\"url\":\"https:\\\/\\\/www.fritravich.com\\\/\",\"name\":\"Frit Ravich\",\"description\":\"Otro sitio realizado con WordPress\",\"potentialAction\":[{\"@type\":\"SearchAction\",\"target\":{\"@type\":\"EntryPoint\",\"urlTemplate\":\"https:\\\/\\\/www.fritravich.com\\\/?s={search_term_string}\"},\"query-input\":{\"@type\":\"PropertyValueSpecification\",\"valueRequired\":true,\"valueName\":\"search_term_string\"}}],\"inLanguage\":\"fr-FR\"},{\"@type\":\"Person\",\"@id\":\"https:\\\/\\\/www.fritravich.com\\\/#\\\/schema\\\/person\\\/2ccd27bf37707e0ca4a6fa4f20478f9a\",\"name\":\"Sonia Prieto\",\"image\":{\"@type\":\"ImageObject\",\"inLanguage\":\"fr-FR\",\"@id\":\"https:\\\/\\\/secure.gravatar.com\\\/avatar\\\/a312ac7dc2299aa5831b3a8a27429ad73334e44e4174888cb6d00b0ed2e3fd45?s=96&d=mm&r=g\",\"url\":\"https:\\\/\\\/secure.gravatar.com\\\/avatar\\\/a312ac7dc2299aa5831b3a8a27429ad73334e44e4174888cb6d00b0ed2e3fd45?s=96&d=mm&r=g\",\"contentUrl\":\"https:\\\/\\\/secure.gravatar.com\\\/avatar\\\/a312ac7dc2299aa5831b3a8a27429ad73334e44e4174888cb6d00b0ed2e3fd45?s=96&d=mm&r=g\",\"caption\":\"Sonia Prieto\"},\"url\":\"https:\\\/\\\/www.fritravich.com\\\/fr\\\/author\\\/sonia-prieto\\\/\"}]}<\/script>\n<!-- \/ Yoast SEO plugin. -->","yoast_head_json":{"title":"PARTICIPATION A LA FOIRE EXPOHIP | FRIT RAVICH","description":"Du 19 au 21 f\u00e9vrier, Frit Ravich participera \u00e0 la premi\u00e8re \u00e9dition de la foire HIP","robots":{"index":"index","follow":"follow","max-snippet":"max-snippet:-1","max-image-preview":"max-image-preview:large","max-video-preview":"max-video-preview:-1"},"canonical":"https:\/\/www.fritravich.com\/fr\/informations\/participation-a-la-foire-expohip\/","og_locale":"fr_FR","og_type":"article","og_title":"FRIT RAVICH. PARTICIPATION A LA FOIRE EXPOHIP","og_description":"Du 19 au 21 f\u00e9vrier, Frit Ravich participera \u00e0 la premi\u00e8re \u00e9dition de la foire HIP (Hospitality Innovation Planet) \u00e0 l\u2019Ifema de Madrid, une foire consacr\u00e9e au secteur Horeca, o\u00f9 seront pr\u00e9sent\u00e9s des solutions sp\u00e9cifiques, de nouvelles tendances, des produits et des innovations concernant chacun des segments de cette cha\u00eene.","og_url":"https:\/\/www.fritravich.com\/fr\/informations\/participation-a-la-foire-expohip\/","og_site_name":"Frit Ravich","article_publisher":"https:\/\/www.facebook.com\/FritRavich\/","article_published_time":"2017-06-22T15:30:26+00:00","article_modified_time":"2017-08-14T11:40:59+00:00","og_image":[{"url":"http:\/\/www.fritravich.com\/wp-content\/uploads\/2017\/06\/LOGO_FRIT_RAVICH_FB.jpg","type":"","width":"","height":""}],"author":"Sonia Prieto","twitter_misc":{"\u00c9crit par":"Sonia Prieto"},"schema":{"@context":"https:\/\/schema.org","@graph":[{"@type":"Article","@id":"https:\/\/www.fritravich.com\/fr\/informations\/participation-a-la-foire-expohip\/#article","isPartOf":{"@id":"https:\/\/www.fritravich.com\/fr\/informations\/participation-a-la-foire-expohip\/"},"author":{"name":"Sonia Prieto","@id":"https:\/\/www.fritravich.com\/#\/schema\/person\/2ccd27bf37707e0ca4a6fa4f20478f9a"},"headline":"PARTICIPATION A LA FOIRE EXPOHIP","datePublished":"2017-06-22T15:30:26+00:00","dateModified":"2017-08-14T11:40:59+00:00","mainEntityOfPage":{"@id":"https:\/\/www.fritravich.com\/fr\/informations\/participation-a-la-foire-expohip\/"},"wordCount":59,"image":{"@id":"https:\/\/www.fritravich.com\/fr\/informations\/participation-a-la-foire-expohip\/#primaryimage"},"thumbnailUrl":"https:\/\/www.fritravich.com\/wp-content\/uploads\/2017\/06\/N5_Expohip.jpg","articleSection":["Informations"],"inLanguage":"fr-FR"},{"@type":"WebPage","@id":"https:\/\/www.fritravich.com\/fr\/informations\/participation-a-la-foire-expohip\/","url":"https:\/\/www.fritravich.com\/fr\/informations\/participation-a-la-foire-expohip\/","name":"PARTICIPATION A LA FOIRE EXPOHIP | FRIT RAVICH","isPartOf":{"@id":"https:\/\/www.fritravich.com\/#website"},"primaryImageOfPage":{"@id":"https:\/\/www.fritravich.com\/fr\/informations\/participation-a-la-foire-expohip\/#primaryimage"},"image":{"@id":"https:\/\/www.fritravich.com\/fr\/informations\/participation-a-la-foire-expohip\/#primaryimage"},"thumbnailUrl":"https:\/\/www.fritravich.com\/wp-content\/uploads\/2017\/06\/N5_Expohip.jpg","datePublished":"2017-06-22T15:30:26+00:00","dateModified":"2017-08-14T11:40:59+00:00","author":{"@id":"https:\/\/www.fritravich.com\/#\/schema\/person\/2ccd27bf37707e0ca4a6fa4f20478f9a"},"description":"Du 19 au 21 f\u00e9vrier, Frit Ravich participera \u00e0 la premi\u00e8re \u00e9dition de la foire HIP","breadcrumb":{"@id":"https:\/\/www.fritravich.com\/fr\/informations\/participation-a-la-foire-expohip\/#breadcrumb"},"inLanguage":"fr-FR","potentialAction":[{"@type":"ReadAction","target":["https:\/\/www.fritravich.com\/fr\/informations\/participation-a-la-foire-expohip\/"]}]},{"@type":"ImageObject","inLanguage":"fr-FR","@id":"https:\/\/www.fritravich.com\/fr\/informations\/participation-a-la-foire-expohip\/#primaryimage","url":"https:\/\/www.fritravich.com\/wp-content\/uploads\/2017\/06\/N5_Expohip.jpg","contentUrl":"https:\/\/www.fritravich.com\/wp-content\/uploads\/2017\/06\/N5_Expohip.jpg","width":3264,"height":2448},{"@type":"BreadcrumbList","@id":"https:\/\/www.fritravich.com\/fr\/informations\/participation-a-la-foire-expohip\/#breadcrumb","itemListElement":[{"@type":"ListItem","position":1,"name":"Portada","item":"https:\/\/www.fritravich.com\/fr\/"},{"@type":"ListItem","position":2,"name":"PARTICIPATION A LA FOIRE EXPOHIP"}]},{"@type":"WebSite","@id":"https:\/\/www.fritravich.com\/#website","url":"https:\/\/www.fritravich.com\/","name":"Frit Ravich","description":"Otro sitio realizado con WordPress","potentialAction":[{"@type":"SearchAction","target":{"@type":"EntryPoint","urlTemplate":"https:\/\/www.fritravich.com\/?s={search_term_string}"},"query-input":{"@type":"PropertyValueSpecification","valueRequired":true,"valueName":"search_term_string"}}],"inLanguage":"fr-FR"},{"@type":"Person","@id":"https:\/\/www.fritravich.com\/#\/schema\/person\/2ccd27bf37707e0ca4a6fa4f20478f9a","name":"Sonia Prieto","image":{"@type":"ImageObject","inLanguage":"fr-FR","@id":"https:\/\/secure.gravatar.com\/avatar\/a312ac7dc2299aa5831b3a8a27429ad73334e44e4174888cb6d00b0ed2e3fd45?s=96&d=mm&r=g","url":"https:\/\/secure.gravatar.com\/avatar\/a312ac7dc2299aa5831b3a8a27429ad73334e44e4174888cb6d00b0ed2e3fd45?s=96&d=mm&r=g","contentUrl":"https:\/\/secure.gravatar.com\/avatar\/a312ac7dc2299aa5831b3a8a27429ad73334e44e4174888cb6d00b0ed2e3fd45?s=96&d=mm&r=g","caption":"Sonia Prieto"},"url":"https:\/\/www.fritravich.com\/fr\/author\/sonia-prieto\/"}]}},"_links":{"self":[{"href":"https:\/\/www.fritravich.com\/fr\/wp-json\/wp\/v2\/posts\/2624","targetHints":{"allow":["GET"]}}],"collection":[{"href":"https:\/\/www.fritravich.com\/fr\/wp-json\/wp\/v2\/posts"}],"about":[{"href":"https:\/\/www.fritravich.com\/fr\/wp-json\/wp\/v2\/types\/post"}],"author":[{"embeddable":true,"href":"https:\/\/www.fritravich.com\/fr\/wp-json\/wp\/v2\/users\/3"}],"replies":[{"embeddable":true,"href":"https:\/\/www.fritravich.com\/fr\/wp-json\/wp\/v2\/comments?post=2624"}],"version-history":[{"count":2,"href":"https:\/\/www.fritravich.com\/fr\/wp-json\/wp\/v2\/posts\/2624\/revisions"}],"predecessor-version":[{"id":4388,"href":"https:\/\/www.fritravich.com\/fr\/wp-json\/wp\/v2\/posts\/2624\/revisions\/4388"}],"wp:featuredmedia":[{"embeddable":true,"href":"https:\/\/www.fritravich.com\/fr\/wp-json\/wp\/v2\/media\/3781"}],"wp:attachment":[{"href":"https:\/\/www.fritravich.com\/fr\/wp-json\/wp\/v2\/media?parent=2624"}],"wp:term":[{"taxonomy":"category","embeddable":true,"href":"https:\/\/www.fritravich.com\/fr\/wp-json\/wp\/v2\/categories?post=2624"},{"taxonomy":"post_tag","embeddable":true,"href":"https:\/\/www.fritravich.com\/fr\/wp-json\/wp\/v2\/tags?post=2624"}],"curies":[{"name":"wp","href":"https:\/\/api.w.org\/{rel}","templated":true}]}}