{"id":2627,"date":"2017-06-22T15:14:48","date_gmt":"2017-06-22T15:14:48","guid":{"rendered":"http:\/\/www.fritravich.com\/sin-categoria-fr\/la-nueva-fabrica-frit-ravich\/"},"modified":"2017-10-17T12:01:44","modified_gmt":"2017-10-17T12:01:44","slug":"la-nouvelle-usine-frit-ravich","status":"publish","type":"post","link":"https:\/\/www.fritravich.com\/fr\/informations\/la-nouvelle-usine-frit-ravich\/","title":{"rendered":"LA NOUVELLE USINE DE FRIT RAVICH DOUBLERA SA CAPACITE DE PRODUCTION"},"content":{"rendered":"<p>Frit Ravich continue de miser sur l\u2019innovation de produits, de processus et du mod\u00e8le commercial. C\u2019est pour cela que, conform\u00e9ment \u00e0 son plan strat\u00e9gique, l\u2019entreprise aura investi un total de 52 M\u20ac en six ans, dont 20 millions correspondent \u00e0 l\u2019extension des installations de production de Ma\u00e7anet de la Selva.<\/p>\n<p>L\u2019investissement de l\u2019usine impliquera une extension des lignes de fabrication afin de pouvoir faire face \u00e0 la croissance de la production, pr\u00e9vue au cours des prochaines ann\u00e9es, ainsi qu\u2019\u00e0 l\u2019innovation en mati\u00e8re de produit.<\/p>\n<p>Cet investissement s&rsquo;additionne aux 27 millions investis au cours des derni\u00e8res ann\u00e9es pour la mise en marche du nouveau centre logistique, un centre automatis\u00e9 de 18\u00a0000 m2 avec une capacit\u00e9 de 20\u00a0000 palettes et 5 millions destin\u00e9s \u00e0 la constructions de nouveaux bureaux.<\/p>\n","protected":false},"excerpt":{"rendered":"<p>Frit Ravich continue de miser sur l\u2019innovation de produits, de processus et du mod\u00e8le commercial. [&hellip;]<\/p>\n","protected":false},"author":3,"featured_media":3769,"comment_status":"closed","ping_status":"closed","sticky":false,"template":"","format":"standard","meta":{"_acf_changed":false,"_monsterinsights_skip_tracking":false,"_monsterinsights_sitenote_active":false,"_monsterinsights_sitenote_note":"","_monsterinsights_sitenote_category":0,"footnotes":""},"categories":[178],"tags":[],"class_list":["post-2627","post","type-post","status-publish","format-standard","has-post-thumbnail","hentry","category-informations"],"acf":[],"yoast_head":"<!-- This site is optimized with the Yoast SEO plugin v27.3 - https:\/\/yoast.com\/product\/yoast-seo-wordpress\/ -->\n<title>La nouvelle usine de frit ravich doublera sa capacite de production<\/title>\n<meta name=\"description\" content=\"La nouvelle usine doublera la capacit\u00e9 de production Frit Ravitch, en se concentrant sur l&#039;innovation dans les produits, les processus et mod\u00e8le d&#039;affaires.\" \/>\n<meta name=\"robots\" content=\"index, follow, max-snippet:-1, max-image-preview:large, max-video-preview:-1\" \/>\n<link rel=\"canonical\" href=\"https:\/\/www.fritravich.com\/fr\/informations\/la-nouvelle-usine-frit-ravich\/\" \/>\n<meta property=\"og:locale\" content=\"fr_FR\" \/>\n<meta property=\"og:type\" content=\"article\" \/>\n<meta property=\"og:title\" content=\"LA NOUVELLE USINE DE FRIT RAVICH DOUBLERA SA CAPACITE DE PRODUCTION\" \/>\n<meta property=\"og:description\" content=\"Frit Ravich continue de miser sur l\u2019innovation de produits, de processus et du mod\u00e8le commercial. C\u2019est pour cela que, conform\u00e9ment \u00e0 son plan strat\u00e9gique, l\u2019entreprise aura investi un total de 52 M\u20ac en six ans, dont 20 millions correspondent \u00e0 l\u2019extension des installations de production de Ma\u00e7anet de la Selva.\" \/>\n<meta property=\"og:url\" content=\"https:\/\/www.fritravich.com\/fr\/informations\/la-nouvelle-usine-frit-ravich\/\" \/>\n<meta property=\"og:site_name\" content=\"Frit Ravich\" \/>\n<meta property=\"article:publisher\" content=\"https:\/\/www.facebook.com\/FritRavich\/\" \/>\n<meta property=\"article:published_time\" content=\"2017-06-22T15:14:48+00:00\" \/>\n<meta property=\"article:modified_time\" content=\"2017-10-17T12:01:44+00:00\" \/>\n<meta property=\"og:image\" content=\"http:\/\/www.fritravich.com\/wp-content\/uploads\/2017\/06\/LOGO_FRIT_RAVICH_FB.jpg\" \/>\n<meta name=\"author\" content=\"Sonia Prieto\" \/>\n<meta name=\"twitter:label1\" content=\"\u00c9crit par\" \/>\n\t<meta name=\"twitter:data1\" content=\"Sonia Prieto\" \/>\n\t<meta name=\"twitter:label2\" content=\"Dur\u00e9e de lecture estim\u00e9e\" \/>\n\t<meta name=\"twitter:data2\" content=\"1 minute\" \/>\n<script type=\"application\/ld+json\" class=\"yoast-schema-graph\">{\"@context\":\"https:\\\/\\\/schema.org\",\"@graph\":[{\"@type\":\"Article\",\"@id\":\"https:\\\/\\\/www.fritravich.com\\\/fr\\\/informations\\\/la-nouvelle-usine-frit-ravich\\\/#article\",\"isPartOf\":{\"@id\":\"https:\\\/\\\/www.fritravich.com\\\/fr\\\/informations\\\/la-nouvelle-usine-frit-ravich\\\/\"},\"author\":{\"name\":\"Sonia Prieto\",\"@id\":\"https:\\\/\\\/www.fritravich.com\\\/#\\\/schema\\\/person\\\/2ccd27bf37707e0ca4a6fa4f20478f9a\"},\"headline\":\"LA NOUVELLE USINE DE FRIT RAVICH DOUBLERA SA CAPACITE DE PRODUCTION\",\"datePublished\":\"2017-06-22T15:14:48+00:00\",\"dateModified\":\"2017-10-17T12:01:44+00:00\",\"mainEntityOfPage\":{\"@id\":\"https:\\\/\\\/www.fritravich.com\\\/fr\\\/informations\\\/la-nouvelle-usine-frit-ravich\\\/\"},\"wordCount\":145,\"image\":{\"@id\":\"https:\\\/\\\/www.fritravich.com\\\/fr\\\/informations\\\/la-nouvelle-usine-frit-ravich\\\/#primaryimage\"},\"thumbnailUrl\":\"https:\\\/\\\/www.fritravich.com\\\/wp-content\\\/uploads\\\/2017\\\/06\\\/N3_La_nueva_fabrica_Frit_Ravich.jpg\",\"articleSection\":[\"Informations\"],\"inLanguage\":\"fr-FR\"},{\"@type\":\"WebPage\",\"@id\":\"https:\\\/\\\/www.fritravich.com\\\/fr\\\/informations\\\/la-nouvelle-usine-frit-ravich\\\/\",\"url\":\"https:\\\/\\\/www.fritravich.com\\\/fr\\\/informations\\\/la-nouvelle-usine-frit-ravich\\\/\",\"name\":\"La nouvelle usine de frit ravich doublera sa capacite de production\",\"isPartOf\":{\"@id\":\"https:\\\/\\\/www.fritravich.com\\\/#website\"},\"primaryImageOfPage\":{\"@id\":\"https:\\\/\\\/www.fritravich.com\\\/fr\\\/informations\\\/la-nouvelle-usine-frit-ravich\\\/#primaryimage\"},\"image\":{\"@id\":\"https:\\\/\\\/www.fritravich.com\\\/fr\\\/informations\\\/la-nouvelle-usine-frit-ravich\\\/#primaryimage\"},\"thumbnailUrl\":\"https:\\\/\\\/www.fritravich.com\\\/wp-content\\\/uploads\\\/2017\\\/06\\\/N3_La_nueva_fabrica_Frit_Ravich.jpg\",\"datePublished\":\"2017-06-22T15:14:48+00:00\",\"dateModified\":\"2017-10-17T12:01:44+00:00\",\"author\":{\"@id\":\"https:\\\/\\\/www.fritravich.com\\\/#\\\/schema\\\/person\\\/2ccd27bf37707e0ca4a6fa4f20478f9a\"},\"description\":\"La nouvelle usine doublera la capacit\u00e9 de production Frit Ravitch, en se concentrant sur l'innovation dans les produits, les processus et mod\u00e8le d'affaires.\",\"breadcrumb\":{\"@id\":\"https:\\\/\\\/www.fritravich.com\\\/fr\\\/informations\\\/la-nouvelle-usine-frit-ravich\\\/#breadcrumb\"},\"inLanguage\":\"fr-FR\",\"potentialAction\":[{\"@type\":\"ReadAction\",\"target\":[\"https:\\\/\\\/www.fritravich.com\\\/fr\\\/informations\\\/la-nouvelle-usine-frit-ravich\\\/\"]}]},{\"@type\":\"ImageObject\",\"inLanguage\":\"fr-FR\",\"@id\":\"https:\\\/\\\/www.fritravich.com\\\/fr\\\/informations\\\/la-nouvelle-usine-frit-ravich\\\/#primaryimage\",\"url\":\"https:\\\/\\\/www.fritravich.com\\\/wp-content\\\/uploads\\\/2017\\\/06\\\/N3_La_nueva_fabrica_Frit_Ravich.jpg\",\"contentUrl\":\"https:\\\/\\\/www.fritravich.com\\\/wp-content\\\/uploads\\\/2017\\\/06\\\/N3_La_nueva_fabrica_Frit_Ravich.jpg\",\"width\":1134,\"height\":756},{\"@type\":\"BreadcrumbList\",\"@id\":\"https:\\\/\\\/www.fritravich.com\\\/fr\\\/informations\\\/la-nouvelle-usine-frit-ravich\\\/#breadcrumb\",\"itemListElement\":[{\"@type\":\"ListItem\",\"position\":1,\"name\":\"Portada\",\"item\":\"https:\\\/\\\/www.fritravich.com\\\/fr\\\/\"},{\"@type\":\"ListItem\",\"position\":2,\"name\":\"LA NOUVELLE USINE DE FRIT RAVICH DOUBLERA SA CAPACITE DE PRODUCTION\"}]},{\"@type\":\"WebSite\",\"@id\":\"https:\\\/\\\/www.fritravich.com\\\/#website\",\"url\":\"https:\\\/\\\/www.fritravich.com\\\/\",\"name\":\"Frit Ravich\",\"description\":\"Otro sitio realizado con WordPress\",\"potentialAction\":[{\"@type\":\"SearchAction\",\"target\":{\"@type\":\"EntryPoint\",\"urlTemplate\":\"https:\\\/\\\/www.fritravich.com\\\/?s={search_term_string}\"},\"query-input\":{\"@type\":\"PropertyValueSpecification\",\"valueRequired\":true,\"valueName\":\"search_term_string\"}}],\"inLanguage\":\"fr-FR\"},{\"@type\":\"Person\",\"@id\":\"https:\\\/\\\/www.fritravich.com\\\/#\\\/schema\\\/person\\\/2ccd27bf37707e0ca4a6fa4f20478f9a\",\"name\":\"Sonia Prieto\",\"image\":{\"@type\":\"ImageObject\",\"inLanguage\":\"fr-FR\",\"@id\":\"https:\\\/\\\/secure.gravatar.com\\\/avatar\\\/a312ac7dc2299aa5831b3a8a27429ad73334e44e4174888cb6d00b0ed2e3fd45?s=96&d=mm&r=g\",\"url\":\"https:\\\/\\\/secure.gravatar.com\\\/avatar\\\/a312ac7dc2299aa5831b3a8a27429ad73334e44e4174888cb6d00b0ed2e3fd45?s=96&d=mm&r=g\",\"contentUrl\":\"https:\\\/\\\/secure.gravatar.com\\\/avatar\\\/a312ac7dc2299aa5831b3a8a27429ad73334e44e4174888cb6d00b0ed2e3fd45?s=96&d=mm&r=g\",\"caption\":\"Sonia Prieto\"},\"url\":\"https:\\\/\\\/www.fritravich.com\\\/fr\\\/author\\\/sonia-prieto\\\/\"}]}<\/script>\n<!-- \/ Yoast SEO plugin. -->","yoast_head_json":{"title":"La nouvelle usine de frit ravich doublera sa capacite de production","description":"La nouvelle usine doublera la capacit\u00e9 de production Frit Ravitch, en se concentrant sur l'innovation dans les produits, les processus et mod\u00e8le d'affaires.","robots":{"index":"index","follow":"follow","max-snippet":"max-snippet:-1","max-image-preview":"max-image-preview:large","max-video-preview":"max-video-preview:-1"},"canonical":"https:\/\/www.fritravich.com\/fr\/informations\/la-nouvelle-usine-frit-ravich\/","og_locale":"fr_FR","og_type":"article","og_title":"LA NOUVELLE USINE DE FRIT RAVICH DOUBLERA SA CAPACITE DE PRODUCTION","og_description":"Frit Ravich continue de miser sur l\u2019innovation de produits, de processus et du mod\u00e8le commercial. C\u2019est pour cela que, conform\u00e9ment \u00e0 son plan strat\u00e9gique, l\u2019entreprise aura investi un total de 52 M\u20ac en six ans, dont 20 millions correspondent \u00e0 l\u2019extension des installations de production de Ma\u00e7anet de la Selva.","og_url":"https:\/\/www.fritravich.com\/fr\/informations\/la-nouvelle-usine-frit-ravich\/","og_site_name":"Frit Ravich","article_publisher":"https:\/\/www.facebook.com\/FritRavich\/","article_published_time":"2017-06-22T15:14:48+00:00","article_modified_time":"2017-10-17T12:01:44+00:00","og_image":[{"url":"http:\/\/www.fritravich.com\/wp-content\/uploads\/2017\/06\/LOGO_FRIT_RAVICH_FB.jpg","type":"","width":"","height":""}],"author":"Sonia Prieto","twitter_misc":{"\u00c9crit par":"Sonia Prieto","Dur\u00e9e de lecture estim\u00e9e":"1 minute"},"schema":{"@context":"https:\/\/schema.org","@graph":[{"@type":"Article","@id":"https:\/\/www.fritravich.com\/fr\/informations\/la-nouvelle-usine-frit-ravich\/#article","isPartOf":{"@id":"https:\/\/www.fritravich.com\/fr\/informations\/la-nouvelle-usine-frit-ravich\/"},"author":{"name":"Sonia Prieto","@id":"https:\/\/www.fritravich.com\/#\/schema\/person\/2ccd27bf37707e0ca4a6fa4f20478f9a"},"headline":"LA NOUVELLE USINE DE FRIT RAVICH DOUBLERA SA CAPACITE DE PRODUCTION","datePublished":"2017-06-22T15:14:48+00:00","dateModified":"2017-10-17T12:01:44+00:00","mainEntityOfPage":{"@id":"https:\/\/www.fritravich.com\/fr\/informations\/la-nouvelle-usine-frit-ravich\/"},"wordCount":145,"image":{"@id":"https:\/\/www.fritravich.com\/fr\/informations\/la-nouvelle-usine-frit-ravich\/#primaryimage"},"thumbnailUrl":"https:\/\/www.fritravich.com\/wp-content\/uploads\/2017\/06\/N3_La_nueva_fabrica_Frit_Ravich.jpg","articleSection":["Informations"],"inLanguage":"fr-FR"},{"@type":"WebPage","@id":"https:\/\/www.fritravich.com\/fr\/informations\/la-nouvelle-usine-frit-ravich\/","url":"https:\/\/www.fritravich.com\/fr\/informations\/la-nouvelle-usine-frit-ravich\/","name":"La nouvelle usine de frit ravich doublera sa capacite de production","isPartOf":{"@id":"https:\/\/www.fritravich.com\/#website"},"primaryImageOfPage":{"@id":"https:\/\/www.fritravich.com\/fr\/informations\/la-nouvelle-usine-frit-ravich\/#primaryimage"},"image":{"@id":"https:\/\/www.fritravich.com\/fr\/informations\/la-nouvelle-usine-frit-ravich\/#primaryimage"},"thumbnailUrl":"https:\/\/www.fritravich.com\/wp-content\/uploads\/2017\/06\/N3_La_nueva_fabrica_Frit_Ravich.jpg","datePublished":"2017-06-22T15:14:48+00:00","dateModified":"2017-10-17T12:01:44+00:00","author":{"@id":"https:\/\/www.fritravich.com\/#\/schema\/person\/2ccd27bf37707e0ca4a6fa4f20478f9a"},"description":"La nouvelle usine doublera la capacit\u00e9 de production Frit Ravitch, en se concentrant sur l'innovation dans les produits, les processus et mod\u00e8le d'affaires.","breadcrumb":{"@id":"https:\/\/www.fritravich.com\/fr\/informations\/la-nouvelle-usine-frit-ravich\/#breadcrumb"},"inLanguage":"fr-FR","potentialAction":[{"@type":"ReadAction","target":["https:\/\/www.fritravich.com\/fr\/informations\/la-nouvelle-usine-frit-ravich\/"]}]},{"@type":"ImageObject","inLanguage":"fr-FR","@id":"https:\/\/www.fritravich.com\/fr\/informations\/la-nouvelle-usine-frit-ravich\/#primaryimage","url":"https:\/\/www.fritravich.com\/wp-content\/uploads\/2017\/06\/N3_La_nueva_fabrica_Frit_Ravich.jpg","contentUrl":"https:\/\/www.fritravich.com\/wp-content\/uploads\/2017\/06\/N3_La_nueva_fabrica_Frit_Ravich.jpg","width":1134,"height":756},{"@type":"BreadcrumbList","@id":"https:\/\/www.fritravich.com\/fr\/informations\/la-nouvelle-usine-frit-ravich\/#breadcrumb","itemListElement":[{"@type":"ListItem","position":1,"name":"Portada","item":"https:\/\/www.fritravich.com\/fr\/"},{"@type":"ListItem","position":2,"name":"LA NOUVELLE USINE DE FRIT RAVICH DOUBLERA SA CAPACITE DE PRODUCTION"}]},{"@type":"WebSite","@id":"https:\/\/www.fritravich.com\/#website","url":"https:\/\/www.fritravich.com\/","name":"Frit Ravich","description":"Otro sitio realizado con WordPress","potentialAction":[{"@type":"SearchAction","target":{"@type":"EntryPoint","urlTemplate":"https:\/\/www.fritravich.com\/?s={search_term_string}"},"query-input":{"@type":"PropertyValueSpecification","valueRequired":true,"valueName":"search_term_string"}}],"inLanguage":"fr-FR"},{"@type":"Person","@id":"https:\/\/www.fritravich.com\/#\/schema\/person\/2ccd27bf37707e0ca4a6fa4f20478f9a","name":"Sonia Prieto","image":{"@type":"ImageObject","inLanguage":"fr-FR","@id":"https:\/\/secure.gravatar.com\/avatar\/a312ac7dc2299aa5831b3a8a27429ad73334e44e4174888cb6d00b0ed2e3fd45?s=96&d=mm&r=g","url":"https:\/\/secure.gravatar.com\/avatar\/a312ac7dc2299aa5831b3a8a27429ad73334e44e4174888cb6d00b0ed2e3fd45?s=96&d=mm&r=g","contentUrl":"https:\/\/secure.gravatar.com\/avatar\/a312ac7dc2299aa5831b3a8a27429ad73334e44e4174888cb6d00b0ed2e3fd45?s=96&d=mm&r=g","caption":"Sonia Prieto"},"url":"https:\/\/www.fritravich.com\/fr\/author\/sonia-prieto\/"}]}},"_links":{"self":[{"href":"https:\/\/www.fritravich.com\/fr\/wp-json\/wp\/v2\/posts\/2627","targetHints":{"allow":["GET"]}}],"collection":[{"href":"https:\/\/www.fritravich.com\/fr\/wp-json\/wp\/v2\/posts"}],"about":[{"href":"https:\/\/www.fritravich.com\/fr\/wp-json\/wp\/v2\/types\/post"}],"author":[{"embeddable":true,"href":"https:\/\/www.fritravich.com\/fr\/wp-json\/wp\/v2\/users\/3"}],"replies":[{"embeddable":true,"href":"https:\/\/www.fritravich.com\/fr\/wp-json\/wp\/v2\/comments?post=2627"}],"version-history":[{"count":3,"href":"https:\/\/www.fritravich.com\/fr\/wp-json\/wp\/v2\/posts\/2627\/revisions"}],"predecessor-version":[{"id":5648,"href":"https:\/\/www.fritravich.com\/fr\/wp-json\/wp\/v2\/posts\/2627\/revisions\/5648"}],"wp:featuredmedia":[{"embeddable":true,"href":"https:\/\/www.fritravich.com\/fr\/wp-json\/wp\/v2\/media\/3769"}],"wp:attachment":[{"href":"https:\/\/www.fritravich.com\/fr\/wp-json\/wp\/v2\/media?parent=2627"}],"wp:term":[{"taxonomy":"category","embeddable":true,"href":"https:\/\/www.fritravich.com\/fr\/wp-json\/wp\/v2\/categories?post=2627"},{"taxonomy":"post_tag","embeddable":true,"href":"https:\/\/www.fritravich.com\/fr\/wp-json\/wp\/v2\/tags?post=2627"}],"curies":[{"name":"wp","href":"https:\/\/api.w.org\/{rel}","templated":true}]}}