{"id":2633,"date":"2017-05-29T14:53:09","date_gmt":"2017-05-29T14:53:09","guid":{"rendered":"http:\/\/www.fritravich.com\/sin-categoria-fr\/compromiso-la-igualdad-laboral\/"},"modified":"2017-10-17T12:05:45","modified_gmt":"2017-10-17T12:05:45","slug":"engage-pour-lefalite-au-travail","status":"publish","type":"post","link":"https:\/\/www.fritravich.com\/fr\/informations\/engage-pour-lefalite-au-travail\/","title":{"rendered":"FRIT RAVICH, ENGAGE POUR L\u2019EGALITE AU TRAVAIL"},"content":{"rendered":"<p>Un des piliers strat\u00e9giques de\u00a0<strong>Frit Ravich<\/strong>\u00a0est la valeur qu\u2019elle accorde aux personnes, les personnes sont les acteurs principaux de l\u2019entreprise. C\u2019est pourquoi l\u2019entreprise a int\u00e9gr\u00e9 11 employ\u00e9s en risque d&rsquo;exclusion sociale \u00e0 travers le Programme Incorpora, un programme d\u2019inter-m\u00e9diation professionnelle de <strong>La\u00a0Obra Social\u00a0de\u00a0La Caixa<\/strong>.<\/p>\n<p>Pour l\u2019entreprise, faire partie de ce programme implique de donner leur chance, \u00e0 parts \u00e9gales, aux diff\u00e9rents collectifs, en offrant une meilleure qualit\u00e9 de vie aux personnes \u00e9tant le plus dans le besoin. Les postes de travail de ces employ\u00e9s sont habituellement des postes fixes et pr\u00e9sentant peu de rotation. Ainsi donc, tout comme le reste de leurs coll\u00e8gues, ils participent \u00e0 un plan d\u2019accueil au cours duquel leur sont pr\u00e9sent\u00e9es les installations ainsi que les personnes avec lesquelles ils travailleront.<\/p>\n<p>Outre le Programme Incorpora, Frit Ravich collabore avec d\u2019autres organisations telles que la\u00a0<strong>Fondation Berstelsmann<\/strong>, am\u00e9liorant les possibilit\u00e9s d\u2019embauche des jeunes de notre pays \u00e0 travers la Formation Professionnelle Double, en int\u00e9grant des jeunes aux d\u00e9partements de Ventes et de Qualit\u00e9. Par la suite, le projet consiste \u00e0 l&rsquo;\u00e9tendre \u00e0 d\u2019autres d\u00e9partements.<\/p>\n<p>En dehors de cela, l\u2019entreprise collabore avec d&rsquo;autres organisations comme <strong>Mifas<\/strong>, la <strong>Fondation Eurofirms<\/strong> et la <strong>Fondation Ram\u00f3n Noguera<\/strong>.<\/p>\n<p>Pour l\u2019entreprise, l\u2019int\u00e9gration de personnes aux capacit\u00e9s diff\u00e9rentes est importante pour tout le monde parce que lorsqu\u2019une personne est int\u00e9gr\u00e9e, ind\u00e9pendamment de sa condition, il s\u2019agit d\u2019un apprentissage pour toute l\u2019\u00e9quipe.<\/p>\n","protected":false},"excerpt":{"rendered":"<p>Un des piliers strat\u00e9giques de\u00a0Frit Ravich\u00a0est la valeur qu\u2019elle accorde aux personnes, les personnes sont [&hellip;]<\/p>\n","protected":false},"author":3,"featured_media":3763,"comment_status":"closed","ping_status":"closed","sticky":false,"template":"","format":"standard","meta":{"_acf_changed":false,"_monsterinsights_skip_tracking":false,"_monsterinsights_sitenote_active":false,"_monsterinsights_sitenote_note":"","_monsterinsights_sitenote_category":0,"footnotes":""},"categories":[178],"tags":[],"class_list":["post-2633","post","type-post","status-publish","format-standard","has-post-thumbnail","hentry","category-informations"],"acf":[],"yoast_head":"<!-- This site is optimized with the Yoast SEO plugin v27.3 - https:\/\/yoast.com\/product\/yoast-seo-wordpress\/ -->\n<title>Engage pour l&#039;efalite au travail | Piliers Frit Ravich<\/title>\n<meta name=\"description\" content=\"Engagement \u00e0 l&#039;\u00e9galit\u00e9 en milieu de travail la soci\u00e9t\u00e9 a ajout\u00e9 11 travailleurs \u00e0 risque d&#039;exclusion sociale par le biais du programme int\u00e8gre.\" \/>\n<meta name=\"robots\" content=\"index, follow, max-snippet:-1, max-image-preview:large, max-video-preview:-1\" \/>\n<link rel=\"canonical\" href=\"https:\/\/www.fritravich.com\/fr\/informations\/engage-pour-lefalite-au-travail\/\" \/>\n<meta property=\"og:locale\" content=\"fr_FR\" \/>\n<meta property=\"og:type\" content=\"article\" \/>\n<meta property=\"og:title\" content=\"Engage pour l&#039;efalite au travail | Pilares de Frit Ravich\" \/>\n<meta property=\"og:description\" content=\"Engagement \u00e0 l&#039;\u00e9galit\u00e9 en milieu de travail la soci\u00e9t\u00e9 a ajout\u00e9 11 travailleurs \u00e0 risque d&#039;exclusion sociale par le biais du programme int\u00e8gre.\" \/>\n<meta property=\"og:url\" content=\"https:\/\/www.fritravich.com\/fr\/informations\/engage-pour-lefalite-au-travail\/\" \/>\n<meta property=\"og:site_name\" content=\"Frit Ravich\" \/>\n<meta property=\"article:publisher\" content=\"https:\/\/www.facebook.com\/FritRavich\/\" \/>\n<meta property=\"article:published_time\" content=\"2017-05-29T14:53:09+00:00\" \/>\n<meta property=\"article:modified_time\" content=\"2017-10-17T12:05:45+00:00\" \/>\n<meta property=\"og:image\" content=\"http:\/\/www.fritravich.com\/wp-content\/uploads\/2017\/06\/LOGO_FRIT_RAVICH_FB.jpg\" \/>\n<meta name=\"author\" content=\"Sonia Prieto\" \/>\n<meta name=\"twitter:label1\" content=\"\u00c9crit par\" \/>\n\t<meta name=\"twitter:data1\" content=\"Sonia Prieto\" \/>\n\t<meta name=\"twitter:label2\" content=\"Dur\u00e9e de lecture estim\u00e9e\" \/>\n\t<meta name=\"twitter:data2\" content=\"1 minute\" \/>\n<script type=\"application\/ld+json\" class=\"yoast-schema-graph\">{\"@context\":\"https:\\\/\\\/schema.org\",\"@graph\":[{\"@type\":\"Article\",\"@id\":\"https:\\\/\\\/www.fritravich.com\\\/fr\\\/informations\\\/engage-pour-lefalite-au-travail\\\/#article\",\"isPartOf\":{\"@id\":\"https:\\\/\\\/www.fritravich.com\\\/fr\\\/informations\\\/engage-pour-lefalite-au-travail\\\/\"},\"author\":{\"name\":\"Sonia Prieto\",\"@id\":\"https:\\\/\\\/www.fritravich.com\\\/#\\\/schema\\\/person\\\/2ccd27bf37707e0ca4a6fa4f20478f9a\"},\"headline\":\"FRIT RAVICH, ENGAGE POUR L\u2019EGALITE AU TRAVAIL\",\"datePublished\":\"2017-05-29T14:53:09+00:00\",\"dateModified\":\"2017-10-17T12:05:45+00:00\",\"mainEntityOfPage\":{\"@id\":\"https:\\\/\\\/www.fritravich.com\\\/fr\\\/informations\\\/engage-pour-lefalite-au-travail\\\/\"},\"wordCount\":273,\"image\":{\"@id\":\"https:\\\/\\\/www.fritravich.com\\\/fr\\\/informations\\\/engage-pour-lefalite-au-travail\\\/#primaryimage\"},\"thumbnailUrl\":\"https:\\\/\\\/www.fritravich.com\\\/wp-content\\\/uploads\\\/2017\\\/06\\\/N1_Compromiso_igualdad_laboral.jpg\",\"articleSection\":[\"Informations\"],\"inLanguage\":\"fr-FR\"},{\"@type\":\"WebPage\",\"@id\":\"https:\\\/\\\/www.fritravich.com\\\/fr\\\/informations\\\/engage-pour-lefalite-au-travail\\\/\",\"url\":\"https:\\\/\\\/www.fritravich.com\\\/fr\\\/informations\\\/engage-pour-lefalite-au-travail\\\/\",\"name\":\"Engage pour l'efalite au travail | Piliers Frit Ravich\",\"isPartOf\":{\"@id\":\"https:\\\/\\\/www.fritravich.com\\\/#website\"},\"primaryImageOfPage\":{\"@id\":\"https:\\\/\\\/www.fritravich.com\\\/fr\\\/informations\\\/engage-pour-lefalite-au-travail\\\/#primaryimage\"},\"image\":{\"@id\":\"https:\\\/\\\/www.fritravich.com\\\/fr\\\/informations\\\/engage-pour-lefalite-au-travail\\\/#primaryimage\"},\"thumbnailUrl\":\"https:\\\/\\\/www.fritravich.com\\\/wp-content\\\/uploads\\\/2017\\\/06\\\/N1_Compromiso_igualdad_laboral.jpg\",\"datePublished\":\"2017-05-29T14:53:09+00:00\",\"dateModified\":\"2017-10-17T12:05:45+00:00\",\"author\":{\"@id\":\"https:\\\/\\\/www.fritravich.com\\\/#\\\/schema\\\/person\\\/2ccd27bf37707e0ca4a6fa4f20478f9a\"},\"description\":\"Engagement \u00e0 l'\u00e9galit\u00e9 en milieu de travail la soci\u00e9t\u00e9 a ajout\u00e9 11 travailleurs \u00e0 risque d'exclusion sociale par le biais du programme int\u00e8gre.\",\"breadcrumb\":{\"@id\":\"https:\\\/\\\/www.fritravich.com\\\/fr\\\/informations\\\/engage-pour-lefalite-au-travail\\\/#breadcrumb\"},\"inLanguage\":\"fr-FR\",\"potentialAction\":[{\"@type\":\"ReadAction\",\"target\":[\"https:\\\/\\\/www.fritravich.com\\\/fr\\\/informations\\\/engage-pour-lefalite-au-travail\\\/\"]}]},{\"@type\":\"ImageObject\",\"inLanguage\":\"fr-FR\",\"@id\":\"https:\\\/\\\/www.fritravich.com\\\/fr\\\/informations\\\/engage-pour-lefalite-au-travail\\\/#primaryimage\",\"url\":\"https:\\\/\\\/www.fritravich.com\\\/wp-content\\\/uploads\\\/2017\\\/06\\\/N1_Compromiso_igualdad_laboral.jpg\",\"contentUrl\":\"https:\\\/\\\/www.fritravich.com\\\/wp-content\\\/uploads\\\/2017\\\/06\\\/N1_Compromiso_igualdad_laboral.jpg\",\"width\":1855,\"height\":1467},{\"@type\":\"BreadcrumbList\",\"@id\":\"https:\\\/\\\/www.fritravich.com\\\/fr\\\/informations\\\/engage-pour-lefalite-au-travail\\\/#breadcrumb\",\"itemListElement\":[{\"@type\":\"ListItem\",\"position\":1,\"name\":\"Portada\",\"item\":\"https:\\\/\\\/www.fritravich.com\\\/fr\\\/\"},{\"@type\":\"ListItem\",\"position\":2,\"name\":\"FRIT RAVICH, ENGAGE POUR L\u2019EGALITE AU TRAVAIL\"}]},{\"@type\":\"WebSite\",\"@id\":\"https:\\\/\\\/www.fritravich.com\\\/#website\",\"url\":\"https:\\\/\\\/www.fritravich.com\\\/\",\"name\":\"Frit Ravich\",\"description\":\"Otro sitio realizado con WordPress\",\"potentialAction\":[{\"@type\":\"SearchAction\",\"target\":{\"@type\":\"EntryPoint\",\"urlTemplate\":\"https:\\\/\\\/www.fritravich.com\\\/?s={search_term_string}\"},\"query-input\":{\"@type\":\"PropertyValueSpecification\",\"valueRequired\":true,\"valueName\":\"search_term_string\"}}],\"inLanguage\":\"fr-FR\"},{\"@type\":\"Person\",\"@id\":\"https:\\\/\\\/www.fritravich.com\\\/#\\\/schema\\\/person\\\/2ccd27bf37707e0ca4a6fa4f20478f9a\",\"name\":\"Sonia Prieto\",\"image\":{\"@type\":\"ImageObject\",\"inLanguage\":\"fr-FR\",\"@id\":\"https:\\\/\\\/secure.gravatar.com\\\/avatar\\\/a312ac7dc2299aa5831b3a8a27429ad73334e44e4174888cb6d00b0ed2e3fd45?s=96&d=mm&r=g\",\"url\":\"https:\\\/\\\/secure.gravatar.com\\\/avatar\\\/a312ac7dc2299aa5831b3a8a27429ad73334e44e4174888cb6d00b0ed2e3fd45?s=96&d=mm&r=g\",\"contentUrl\":\"https:\\\/\\\/secure.gravatar.com\\\/avatar\\\/a312ac7dc2299aa5831b3a8a27429ad73334e44e4174888cb6d00b0ed2e3fd45?s=96&d=mm&r=g\",\"caption\":\"Sonia Prieto\"},\"url\":\"https:\\\/\\\/www.fritravich.com\\\/fr\\\/author\\\/sonia-prieto\\\/\"}]}<\/script>\n<!-- \/ Yoast SEO plugin. -->","yoast_head_json":{"title":"Engage pour l'efalite au travail | Piliers Frit Ravich","description":"Engagement \u00e0 l'\u00e9galit\u00e9 en milieu de travail la soci\u00e9t\u00e9 a ajout\u00e9 11 travailleurs \u00e0 risque d'exclusion sociale par le biais du programme int\u00e8gre.","robots":{"index":"index","follow":"follow","max-snippet":"max-snippet:-1","max-image-preview":"max-image-preview:large","max-video-preview":"max-video-preview:-1"},"canonical":"https:\/\/www.fritravich.com\/fr\/informations\/engage-pour-lefalite-au-travail\/","og_locale":"fr_FR","og_type":"article","og_title":"Engage pour l'efalite au travail | Pilares de Frit Ravich","og_description":"Engagement \u00e0 l'\u00e9galit\u00e9 en milieu de travail la soci\u00e9t\u00e9 a ajout\u00e9 11 travailleurs \u00e0 risque d'exclusion sociale par le biais du programme int\u00e8gre.","og_url":"https:\/\/www.fritravich.com\/fr\/informations\/engage-pour-lefalite-au-travail\/","og_site_name":"Frit Ravich","article_publisher":"https:\/\/www.facebook.com\/FritRavich\/","article_published_time":"2017-05-29T14:53:09+00:00","article_modified_time":"2017-10-17T12:05:45+00:00","og_image":[{"url":"http:\/\/www.fritravich.com\/wp-content\/uploads\/2017\/06\/LOGO_FRIT_RAVICH_FB.jpg","type":"","width":"","height":""}],"author":"Sonia Prieto","twitter_misc":{"\u00c9crit par":"Sonia Prieto","Dur\u00e9e de lecture estim\u00e9e":"1 minute"},"schema":{"@context":"https:\/\/schema.org","@graph":[{"@type":"Article","@id":"https:\/\/www.fritravich.com\/fr\/informations\/engage-pour-lefalite-au-travail\/#article","isPartOf":{"@id":"https:\/\/www.fritravich.com\/fr\/informations\/engage-pour-lefalite-au-travail\/"},"author":{"name":"Sonia Prieto","@id":"https:\/\/www.fritravich.com\/#\/schema\/person\/2ccd27bf37707e0ca4a6fa4f20478f9a"},"headline":"FRIT RAVICH, ENGAGE POUR L\u2019EGALITE AU TRAVAIL","datePublished":"2017-05-29T14:53:09+00:00","dateModified":"2017-10-17T12:05:45+00:00","mainEntityOfPage":{"@id":"https:\/\/www.fritravich.com\/fr\/informations\/engage-pour-lefalite-au-travail\/"},"wordCount":273,"image":{"@id":"https:\/\/www.fritravich.com\/fr\/informations\/engage-pour-lefalite-au-travail\/#primaryimage"},"thumbnailUrl":"https:\/\/www.fritravich.com\/wp-content\/uploads\/2017\/06\/N1_Compromiso_igualdad_laboral.jpg","articleSection":["Informations"],"inLanguage":"fr-FR"},{"@type":"WebPage","@id":"https:\/\/www.fritravich.com\/fr\/informations\/engage-pour-lefalite-au-travail\/","url":"https:\/\/www.fritravich.com\/fr\/informations\/engage-pour-lefalite-au-travail\/","name":"Engage pour l'efalite au travail | Piliers Frit Ravich","isPartOf":{"@id":"https:\/\/www.fritravich.com\/#website"},"primaryImageOfPage":{"@id":"https:\/\/www.fritravich.com\/fr\/informations\/engage-pour-lefalite-au-travail\/#primaryimage"},"image":{"@id":"https:\/\/www.fritravich.com\/fr\/informations\/engage-pour-lefalite-au-travail\/#primaryimage"},"thumbnailUrl":"https:\/\/www.fritravich.com\/wp-content\/uploads\/2017\/06\/N1_Compromiso_igualdad_laboral.jpg","datePublished":"2017-05-29T14:53:09+00:00","dateModified":"2017-10-17T12:05:45+00:00","author":{"@id":"https:\/\/www.fritravich.com\/#\/schema\/person\/2ccd27bf37707e0ca4a6fa4f20478f9a"},"description":"Engagement \u00e0 l'\u00e9galit\u00e9 en milieu de travail la soci\u00e9t\u00e9 a ajout\u00e9 11 travailleurs \u00e0 risque d'exclusion sociale par le biais du programme int\u00e8gre.","breadcrumb":{"@id":"https:\/\/www.fritravich.com\/fr\/informations\/engage-pour-lefalite-au-travail\/#breadcrumb"},"inLanguage":"fr-FR","potentialAction":[{"@type":"ReadAction","target":["https:\/\/www.fritravich.com\/fr\/informations\/engage-pour-lefalite-au-travail\/"]}]},{"@type":"ImageObject","inLanguage":"fr-FR","@id":"https:\/\/www.fritravich.com\/fr\/informations\/engage-pour-lefalite-au-travail\/#primaryimage","url":"https:\/\/www.fritravich.com\/wp-content\/uploads\/2017\/06\/N1_Compromiso_igualdad_laboral.jpg","contentUrl":"https:\/\/www.fritravich.com\/wp-content\/uploads\/2017\/06\/N1_Compromiso_igualdad_laboral.jpg","width":1855,"height":1467},{"@type":"BreadcrumbList","@id":"https:\/\/www.fritravich.com\/fr\/informations\/engage-pour-lefalite-au-travail\/#breadcrumb","itemListElement":[{"@type":"ListItem","position":1,"name":"Portada","item":"https:\/\/www.fritravich.com\/fr\/"},{"@type":"ListItem","position":2,"name":"FRIT RAVICH, ENGAGE POUR L\u2019EGALITE AU TRAVAIL"}]},{"@type":"WebSite","@id":"https:\/\/www.fritravich.com\/#website","url":"https:\/\/www.fritravich.com\/","name":"Frit Ravich","description":"Otro sitio realizado con WordPress","potentialAction":[{"@type":"SearchAction","target":{"@type":"EntryPoint","urlTemplate":"https:\/\/www.fritravich.com\/?s={search_term_string}"},"query-input":{"@type":"PropertyValueSpecification","valueRequired":true,"valueName":"search_term_string"}}],"inLanguage":"fr-FR"},{"@type":"Person","@id":"https:\/\/www.fritravich.com\/#\/schema\/person\/2ccd27bf37707e0ca4a6fa4f20478f9a","name":"Sonia Prieto","image":{"@type":"ImageObject","inLanguage":"fr-FR","@id":"https:\/\/secure.gravatar.com\/avatar\/a312ac7dc2299aa5831b3a8a27429ad73334e44e4174888cb6d00b0ed2e3fd45?s=96&d=mm&r=g","url":"https:\/\/secure.gravatar.com\/avatar\/a312ac7dc2299aa5831b3a8a27429ad73334e44e4174888cb6d00b0ed2e3fd45?s=96&d=mm&r=g","contentUrl":"https:\/\/secure.gravatar.com\/avatar\/a312ac7dc2299aa5831b3a8a27429ad73334e44e4174888cb6d00b0ed2e3fd45?s=96&d=mm&r=g","caption":"Sonia Prieto"},"url":"https:\/\/www.fritravich.com\/fr\/author\/sonia-prieto\/"}]}},"_links":{"self":[{"href":"https:\/\/www.fritravich.com\/fr\/wp-json\/wp\/v2\/posts\/2633","targetHints":{"allow":["GET"]}}],"collection":[{"href":"https:\/\/www.fritravich.com\/fr\/wp-json\/wp\/v2\/posts"}],"about":[{"href":"https:\/\/www.fritravich.com\/fr\/wp-json\/wp\/v2\/types\/post"}],"author":[{"embeddable":true,"href":"https:\/\/www.fritravich.com\/fr\/wp-json\/wp\/v2\/users\/3"}],"replies":[{"embeddable":true,"href":"https:\/\/www.fritravich.com\/fr\/wp-json\/wp\/v2\/comments?post=2633"}],"version-history":[{"count":3,"href":"https:\/\/www.fritravich.com\/fr\/wp-json\/wp\/v2\/posts\/2633\/revisions"}],"predecessor-version":[{"id":5653,"href":"https:\/\/www.fritravich.com\/fr\/wp-json\/wp\/v2\/posts\/2633\/revisions\/5653"}],"wp:featuredmedia":[{"embeddable":true,"href":"https:\/\/www.fritravich.com\/fr\/wp-json\/wp\/v2\/media\/3763"}],"wp:attachment":[{"href":"https:\/\/www.fritravich.com\/fr\/wp-json\/wp\/v2\/media?parent=2633"}],"wp:term":[{"taxonomy":"category","embeddable":true,"href":"https:\/\/www.fritravich.com\/fr\/wp-json\/wp\/v2\/categories?post=2633"},{"taxonomy":"post_tag","embeddable":true,"href":"https:\/\/www.fritravich.com\/fr\/wp-json\/wp\/v2\/tags?post=2633"}],"curies":[{"name":"wp","href":"https:\/\/api.w.org\/{rel}","templated":true}]}}