{"id":2648,"date":"2017-06-09T11:49:08","date_gmt":"2017-06-09T11:49:08","guid":{"rendered":"http:\/\/www.fritravich.com\/sin-categoria-fr\/por-que-tomamos-el-vermut\/"},"modified":"2017-10-17T11:46:02","modified_gmt":"2017-10-17T11:46:02","slug":"pourquoi-prenons-nous-du-vermouth","status":"publish","type":"post","link":"https:\/\/www.fritravich.com\/fr\/bonsmoments\/pourquoi-prenons-nous-du-vermouth\/","title":{"rendered":"Pourquoi prenons-nous du vermouth\u00a0? | Origine et histoire de l\u2019heure de l\u2019ap\u00e9ritif"},"content":{"rendered":"<p>A mi-chemin entre le petit-d\u00e9jeuner et le d\u00e9jeuner, vient l\u2019heure magique de l\u2019ap\u00e9ritif qui nous invite souvent \u00e0\u00a0prendre un vermouth.\u00a0Nous associons <strong>le vermouth<\/strong>\u00a0\u00a0\u00e0 une boisson et aussi \u00e0 ce bon moment o\u00f9 l\u2019on grignote un bout, par exemple des frites, des snacks ou des en-cas et o\u00f9 l\u2019on discute autour de la table.<\/p>\n<p>Le mot\u00a0<strong>vermouth<\/strong> trouve son origine dans le mot allemand\u00a0wermut\u00a0qui signifie absinthe, la plante principale utilis\u00e9e pour aromatiser le vin \u00e0 partir duquel est \u00e9labor\u00e9 le vermouth. En effet, le vermouth est simplement du vin blanc mac\u00e9r\u00e9. Lorsque le vermouth que nous consommons est rouge, cela est d\u00fb au caramel qui a \u00e9t\u00e9 rajout\u00e9, mais ce n\u2019est pas parce qu\u2019il provient du vin rouge.<\/p>\n<p>&nbsp;<\/p>\n<h4><strong>Origine<\/strong><\/h4>\n<p>On dit que le vermouth trouve son origine dans la Gr\u00e8ce Antique, de la main d\u2019Hippocrate, le c\u00e9l\u00e8bre m\u00e9decin du pays hell\u00e9nique. Hippocrate avait fait mac\u00e9rer du vin avec de l\u2019absinthe, une plante aux multiples propri\u00e9t\u00e9s curatives et dont est \u00e9galement extraite la liqueur du m\u00eame nom.<\/p>\n<p>Au Moyen-Age, le vermouth a re\u00e7u le nom de\u00a0vin d\u2019<em>Hippocrate<\/em>\u00a0ou\u00a0<em>vin aux herbes<\/em>. L\u2019\u00e9laboration du vermouth a fait un premier grand saut en 1838 avec la production industrielle des fr\u00e8res Luigi et Giuseppe Core. Sa commercialisation et sa consommation ont augment\u00e9 en lien avec un moment de la journ\u00e9e et, peu \u00e0 peu, il a acquis sa signification actuelle, \u00e9tant pratiquement synonyme d\u2019ap\u00e9ritif.<\/p>\n<p>&nbsp;<\/p>\n<h4><strong>Actualit\u00e9<\/strong><\/h4>\n<p>Actuellement, nous parlons de\u00a0l\u2019<em><strong>heure du vermouth<\/strong><\/em>\u00a0qui correspond \u00e0 cette tranche horaire entre 11h00 et 13h00, un petit moment qui sert de pr\u00e9ambule au repas. Les tables se remplissent de vermouth blanc ou rouge, de coques, d\u2019olives, de frites, de fruits secs, de snacks et d\u2019autres en-cas.<\/p>\n<p>Chez Frit Ravich nous vous proposons de compl\u00e9ter ce moment qui nous appartient tant avec des chips tr\u00e8s sp\u00e9ciales, les\u00a0<strong>Ap\u00e9ritif Premium Frit Ravich<\/strong>. Leur croquant est exceptionnel et elles sont assaisonn\u00e9es \u00e0 la saveur du moment. Avec chaque chips Ap\u00e9ritif Premium de Frit Ravich, vous retrouverez l\u2019essence de cette heure magique.<\/p>\n","protected":false},"excerpt":{"rendered":"<p>A mi-chemin entre le petit-d\u00e9jeuner et le d\u00e9jeuner, vient l\u2019heure magique de l\u2019ap\u00e9ritif qui nous [&hellip;]<\/p>\n","protected":false},"author":3,"featured_media":3751,"comment_status":"closed","ping_status":"closed","sticky":false,"template":"","format":"standard","meta":{"_acf_changed":false,"_monsterinsights_skip_tracking":false,"_monsterinsights_sitenote_active":false,"_monsterinsights_sitenote_note":"","_monsterinsights_sitenote_category":0,"footnotes":""},"categories":[181],"tags":[],"class_list":["post-2648","post","type-post","status-publish","format-standard","has-post-thumbnail","hentry","category-bonsmoments"],"acf":[],"yoast_head":"<!-- This site is optimized with the Yoast SEO plugin v27.3 - https:\/\/yoast.com\/product\/yoast-seo-wordpress\/ -->\n<title>Pourquoi prenons-nous du vermouth\u00a0? | Origine et histoire de l&#039;ap\u00e9ritif<\/title>\n<meta name=\"description\" content=\"Pourquoi prenons-nous le vermouth? L&#039;heure magique de l&#039;ap\u00e9ritif, ce bon moment que quelque chose est piquet\u00e9 autour de la table.\" \/>\n<meta name=\"robots\" content=\"index, follow, max-snippet:-1, max-image-preview:large, max-video-preview:-1\" \/>\n<link rel=\"canonical\" href=\"https:\/\/www.fritravich.com\/fr\/bonsmoments\/pourquoi-prenons-nous-du-vermouth\/\" \/>\n<meta property=\"og:locale\" content=\"fr_FR\" \/>\n<meta property=\"og:type\" content=\"article\" \/>\n<meta property=\"og:title\" content=\"Pourquoi prenons-nous du vermouth\u00a0? | Origine et histoire de l&#039;ap\u00e9ritif\" \/>\n<meta property=\"og:description\" content=\"L&#039;heure magique de l&#039;ap\u00e9ritif, ce bon moment que quelque chose est piquet\u00e9 autour de la table.\" \/>\n<meta property=\"og:url\" content=\"https:\/\/www.fritravich.com\/fr\/bonsmoments\/pourquoi-prenons-nous-du-vermouth\/\" \/>\n<meta property=\"og:site_name\" content=\"Frit Ravich\" \/>\n<meta property=\"article:publisher\" content=\"https:\/\/www.facebook.com\/FritRavich\/\" \/>\n<meta property=\"article:published_time\" content=\"2017-06-09T11:49:08+00:00\" \/>\n<meta property=\"article:modified_time\" content=\"2017-10-17T11:46:02+00:00\" \/>\n<meta property=\"og:image\" content=\"http:\/\/www.fritravich.com\/wp-content\/uploads\/2017\/06\/LOGO_FRIT_RAVICH_FB.jpg\" \/>\n<meta name=\"author\" content=\"Sonia Prieto\" \/>\n<meta name=\"twitter:label1\" content=\"\u00c9crit par\" \/>\n\t<meta name=\"twitter:data1\" content=\"Sonia Prieto\" \/>\n\t<meta name=\"twitter:label2\" content=\"Dur\u00e9e de lecture estim\u00e9e\" \/>\n\t<meta name=\"twitter:data2\" content=\"2 minutes\" \/>\n<script type=\"application\/ld+json\" class=\"yoast-schema-graph\">{\"@context\":\"https:\\\/\\\/schema.org\",\"@graph\":[{\"@type\":\"Article\",\"@id\":\"https:\\\/\\\/www.fritravich.com\\\/fr\\\/bonsmoments\\\/pourquoi-prenons-nous-du-vermouth\\\/#article\",\"isPartOf\":{\"@id\":\"https:\\\/\\\/www.fritravich.com\\\/fr\\\/bonsmoments\\\/pourquoi-prenons-nous-du-vermouth\\\/\"},\"author\":{\"name\":\"Sonia Prieto\",\"@id\":\"https:\\\/\\\/www.fritravich.com\\\/#\\\/schema\\\/person\\\/2ccd27bf37707e0ca4a6fa4f20478f9a\"},\"headline\":\"Pourquoi prenons-nous du vermouth\u00a0? | Origine et histoire de l\u2019heure de l\u2019ap\u00e9ritif\",\"datePublished\":\"2017-06-09T11:49:08+00:00\",\"dateModified\":\"2017-10-17T11:46:02+00:00\",\"mainEntityOfPage\":{\"@id\":\"https:\\\/\\\/www.fritravich.com\\\/fr\\\/bonsmoments\\\/pourquoi-prenons-nous-du-vermouth\\\/\"},\"wordCount\":384,\"image\":{\"@id\":\"https:\\\/\\\/www.fritravich.com\\\/fr\\\/bonsmoments\\\/pourquoi-prenons-nous-du-vermouth\\\/#primaryimage\"},\"thumbnailUrl\":\"https:\\\/\\\/www.fritravich.com\\\/wp-content\\\/uploads\\\/2017\\\/06\\\/BM3_Origen_aperitivo.png\",\"articleSection\":[\"#BONSMOMENTS\"],\"inLanguage\":\"fr-FR\"},{\"@type\":\"WebPage\",\"@id\":\"https:\\\/\\\/www.fritravich.com\\\/fr\\\/bonsmoments\\\/pourquoi-prenons-nous-du-vermouth\\\/\",\"url\":\"https:\\\/\\\/www.fritravich.com\\\/fr\\\/bonsmoments\\\/pourquoi-prenons-nous-du-vermouth\\\/\",\"name\":\"Pourquoi prenons-nous du vermouth\u00a0? | Origine et histoire de l'ap\u00e9ritif\",\"isPartOf\":{\"@id\":\"https:\\\/\\\/www.fritravich.com\\\/#website\"},\"primaryImageOfPage\":{\"@id\":\"https:\\\/\\\/www.fritravich.com\\\/fr\\\/bonsmoments\\\/pourquoi-prenons-nous-du-vermouth\\\/#primaryimage\"},\"image\":{\"@id\":\"https:\\\/\\\/www.fritravich.com\\\/fr\\\/bonsmoments\\\/pourquoi-prenons-nous-du-vermouth\\\/#primaryimage\"},\"thumbnailUrl\":\"https:\\\/\\\/www.fritravich.com\\\/wp-content\\\/uploads\\\/2017\\\/06\\\/BM3_Origen_aperitivo.png\",\"datePublished\":\"2017-06-09T11:49:08+00:00\",\"dateModified\":\"2017-10-17T11:46:02+00:00\",\"author\":{\"@id\":\"https:\\\/\\\/www.fritravich.com\\\/#\\\/schema\\\/person\\\/2ccd27bf37707e0ca4a6fa4f20478f9a\"},\"description\":\"Pourquoi prenons-nous le vermouth? L'heure magique de l'ap\u00e9ritif, ce bon moment que quelque chose est piquet\u00e9 autour de la table.\",\"breadcrumb\":{\"@id\":\"https:\\\/\\\/www.fritravich.com\\\/fr\\\/bonsmoments\\\/pourquoi-prenons-nous-du-vermouth\\\/#breadcrumb\"},\"inLanguage\":\"fr-FR\",\"potentialAction\":[{\"@type\":\"ReadAction\",\"target\":[\"https:\\\/\\\/www.fritravich.com\\\/fr\\\/bonsmoments\\\/pourquoi-prenons-nous-du-vermouth\\\/\"]}]},{\"@type\":\"ImageObject\",\"inLanguage\":\"fr-FR\",\"@id\":\"https:\\\/\\\/www.fritravich.com\\\/fr\\\/bonsmoments\\\/pourquoi-prenons-nous-du-vermouth\\\/#primaryimage\",\"url\":\"https:\\\/\\\/www.fritravich.com\\\/wp-content\\\/uploads\\\/2017\\\/06\\\/BM3_Origen_aperitivo.png\",\"contentUrl\":\"https:\\\/\\\/www.fritravich.com\\\/wp-content\\\/uploads\\\/2017\\\/06\\\/BM3_Origen_aperitivo.png\",\"width\":815,\"height\":570},{\"@type\":\"BreadcrumbList\",\"@id\":\"https:\\\/\\\/www.fritravich.com\\\/fr\\\/bonsmoments\\\/pourquoi-prenons-nous-du-vermouth\\\/#breadcrumb\",\"itemListElement\":[{\"@type\":\"ListItem\",\"position\":1,\"name\":\"Portada\",\"item\":\"https:\\\/\\\/www.fritravich.com\\\/fr\\\/\"},{\"@type\":\"ListItem\",\"position\":2,\"name\":\"Pourquoi prenons-nous du vermouth\u00a0? | Origine et histoire de l\u2019heure de l\u2019ap\u00e9ritif\"}]},{\"@type\":\"WebSite\",\"@id\":\"https:\\\/\\\/www.fritravich.com\\\/#website\",\"url\":\"https:\\\/\\\/www.fritravich.com\\\/\",\"name\":\"Frit Ravich\",\"description\":\"Otro sitio realizado con WordPress\",\"potentialAction\":[{\"@type\":\"SearchAction\",\"target\":{\"@type\":\"EntryPoint\",\"urlTemplate\":\"https:\\\/\\\/www.fritravich.com\\\/?s={search_term_string}\"},\"query-input\":{\"@type\":\"PropertyValueSpecification\",\"valueRequired\":true,\"valueName\":\"search_term_string\"}}],\"inLanguage\":\"fr-FR\"},{\"@type\":\"Person\",\"@id\":\"https:\\\/\\\/www.fritravich.com\\\/#\\\/schema\\\/person\\\/2ccd27bf37707e0ca4a6fa4f20478f9a\",\"name\":\"Sonia Prieto\",\"image\":{\"@type\":\"ImageObject\",\"inLanguage\":\"fr-FR\",\"@id\":\"https:\\\/\\\/secure.gravatar.com\\\/avatar\\\/a312ac7dc2299aa5831b3a8a27429ad73334e44e4174888cb6d00b0ed2e3fd45?s=96&d=mm&r=g\",\"url\":\"https:\\\/\\\/secure.gravatar.com\\\/avatar\\\/a312ac7dc2299aa5831b3a8a27429ad73334e44e4174888cb6d00b0ed2e3fd45?s=96&d=mm&r=g\",\"contentUrl\":\"https:\\\/\\\/secure.gravatar.com\\\/avatar\\\/a312ac7dc2299aa5831b3a8a27429ad73334e44e4174888cb6d00b0ed2e3fd45?s=96&d=mm&r=g\",\"caption\":\"Sonia Prieto\"},\"url\":\"https:\\\/\\\/www.fritravich.com\\\/fr\\\/author\\\/sonia-prieto\\\/\"}]}<\/script>\n<!-- \/ Yoast SEO plugin. -->","yoast_head_json":{"title":"Pourquoi prenons-nous du vermouth\u00a0? | Origine et histoire de l'ap\u00e9ritif","description":"Pourquoi prenons-nous le vermouth? L'heure magique de l'ap\u00e9ritif, ce bon moment que quelque chose est piquet\u00e9 autour de la table.","robots":{"index":"index","follow":"follow","max-snippet":"max-snippet:-1","max-image-preview":"max-image-preview:large","max-video-preview":"max-video-preview:-1"},"canonical":"https:\/\/www.fritravich.com\/fr\/bonsmoments\/pourquoi-prenons-nous-du-vermouth\/","og_locale":"fr_FR","og_type":"article","og_title":"Pourquoi prenons-nous du vermouth\u00a0? | Origine et histoire de l'ap\u00e9ritif","og_description":"L'heure magique de l'ap\u00e9ritif, ce bon moment que quelque chose est piquet\u00e9 autour de la table.","og_url":"https:\/\/www.fritravich.com\/fr\/bonsmoments\/pourquoi-prenons-nous-du-vermouth\/","og_site_name":"Frit Ravich","article_publisher":"https:\/\/www.facebook.com\/FritRavich\/","article_published_time":"2017-06-09T11:49:08+00:00","article_modified_time":"2017-10-17T11:46:02+00:00","og_image":[{"url":"http:\/\/www.fritravich.com\/wp-content\/uploads\/2017\/06\/LOGO_FRIT_RAVICH_FB.jpg","type":"","width":"","height":""}],"author":"Sonia Prieto","twitter_misc":{"\u00c9crit par":"Sonia Prieto","Dur\u00e9e de lecture estim\u00e9e":"2 minutes"},"schema":{"@context":"https:\/\/schema.org","@graph":[{"@type":"Article","@id":"https:\/\/www.fritravich.com\/fr\/bonsmoments\/pourquoi-prenons-nous-du-vermouth\/#article","isPartOf":{"@id":"https:\/\/www.fritravich.com\/fr\/bonsmoments\/pourquoi-prenons-nous-du-vermouth\/"},"author":{"name":"Sonia Prieto","@id":"https:\/\/www.fritravich.com\/#\/schema\/person\/2ccd27bf37707e0ca4a6fa4f20478f9a"},"headline":"Pourquoi prenons-nous du vermouth\u00a0? | Origine et histoire de l\u2019heure de l\u2019ap\u00e9ritif","datePublished":"2017-06-09T11:49:08+00:00","dateModified":"2017-10-17T11:46:02+00:00","mainEntityOfPage":{"@id":"https:\/\/www.fritravich.com\/fr\/bonsmoments\/pourquoi-prenons-nous-du-vermouth\/"},"wordCount":384,"image":{"@id":"https:\/\/www.fritravich.com\/fr\/bonsmoments\/pourquoi-prenons-nous-du-vermouth\/#primaryimage"},"thumbnailUrl":"https:\/\/www.fritravich.com\/wp-content\/uploads\/2017\/06\/BM3_Origen_aperitivo.png","articleSection":["#BONSMOMENTS"],"inLanguage":"fr-FR"},{"@type":"WebPage","@id":"https:\/\/www.fritravich.com\/fr\/bonsmoments\/pourquoi-prenons-nous-du-vermouth\/","url":"https:\/\/www.fritravich.com\/fr\/bonsmoments\/pourquoi-prenons-nous-du-vermouth\/","name":"Pourquoi prenons-nous du vermouth\u00a0? | Origine et histoire de l'ap\u00e9ritif","isPartOf":{"@id":"https:\/\/www.fritravich.com\/#website"},"primaryImageOfPage":{"@id":"https:\/\/www.fritravich.com\/fr\/bonsmoments\/pourquoi-prenons-nous-du-vermouth\/#primaryimage"},"image":{"@id":"https:\/\/www.fritravich.com\/fr\/bonsmoments\/pourquoi-prenons-nous-du-vermouth\/#primaryimage"},"thumbnailUrl":"https:\/\/www.fritravich.com\/wp-content\/uploads\/2017\/06\/BM3_Origen_aperitivo.png","datePublished":"2017-06-09T11:49:08+00:00","dateModified":"2017-10-17T11:46:02+00:00","author":{"@id":"https:\/\/www.fritravich.com\/#\/schema\/person\/2ccd27bf37707e0ca4a6fa4f20478f9a"},"description":"Pourquoi prenons-nous le vermouth? L'heure magique de l'ap\u00e9ritif, ce bon moment que quelque chose est piquet\u00e9 autour de la table.","breadcrumb":{"@id":"https:\/\/www.fritravich.com\/fr\/bonsmoments\/pourquoi-prenons-nous-du-vermouth\/#breadcrumb"},"inLanguage":"fr-FR","potentialAction":[{"@type":"ReadAction","target":["https:\/\/www.fritravich.com\/fr\/bonsmoments\/pourquoi-prenons-nous-du-vermouth\/"]}]},{"@type":"ImageObject","inLanguage":"fr-FR","@id":"https:\/\/www.fritravich.com\/fr\/bonsmoments\/pourquoi-prenons-nous-du-vermouth\/#primaryimage","url":"https:\/\/www.fritravich.com\/wp-content\/uploads\/2017\/06\/BM3_Origen_aperitivo.png","contentUrl":"https:\/\/www.fritravich.com\/wp-content\/uploads\/2017\/06\/BM3_Origen_aperitivo.png","width":815,"height":570},{"@type":"BreadcrumbList","@id":"https:\/\/www.fritravich.com\/fr\/bonsmoments\/pourquoi-prenons-nous-du-vermouth\/#breadcrumb","itemListElement":[{"@type":"ListItem","position":1,"name":"Portada","item":"https:\/\/www.fritravich.com\/fr\/"},{"@type":"ListItem","position":2,"name":"Pourquoi prenons-nous du vermouth\u00a0? | Origine et histoire de l\u2019heure de l\u2019ap\u00e9ritif"}]},{"@type":"WebSite","@id":"https:\/\/www.fritravich.com\/#website","url":"https:\/\/www.fritravich.com\/","name":"Frit Ravich","description":"Otro sitio realizado con WordPress","potentialAction":[{"@type":"SearchAction","target":{"@type":"EntryPoint","urlTemplate":"https:\/\/www.fritravich.com\/?s={search_term_string}"},"query-input":{"@type":"PropertyValueSpecification","valueRequired":true,"valueName":"search_term_string"}}],"inLanguage":"fr-FR"},{"@type":"Person","@id":"https:\/\/www.fritravich.com\/#\/schema\/person\/2ccd27bf37707e0ca4a6fa4f20478f9a","name":"Sonia Prieto","image":{"@type":"ImageObject","inLanguage":"fr-FR","@id":"https:\/\/secure.gravatar.com\/avatar\/a312ac7dc2299aa5831b3a8a27429ad73334e44e4174888cb6d00b0ed2e3fd45?s=96&d=mm&r=g","url":"https:\/\/secure.gravatar.com\/avatar\/a312ac7dc2299aa5831b3a8a27429ad73334e44e4174888cb6d00b0ed2e3fd45?s=96&d=mm&r=g","contentUrl":"https:\/\/secure.gravatar.com\/avatar\/a312ac7dc2299aa5831b3a8a27429ad73334e44e4174888cb6d00b0ed2e3fd45?s=96&d=mm&r=g","caption":"Sonia Prieto"},"url":"https:\/\/www.fritravich.com\/fr\/author\/sonia-prieto\/"}]}},"_links":{"self":[{"href":"https:\/\/www.fritravich.com\/fr\/wp-json\/wp\/v2\/posts\/2648","targetHints":{"allow":["GET"]}}],"collection":[{"href":"https:\/\/www.fritravich.com\/fr\/wp-json\/wp\/v2\/posts"}],"about":[{"href":"https:\/\/www.fritravich.com\/fr\/wp-json\/wp\/v2\/types\/post"}],"author":[{"embeddable":true,"href":"https:\/\/www.fritravich.com\/fr\/wp-json\/wp\/v2\/users\/3"}],"replies":[{"embeddable":true,"href":"https:\/\/www.fritravich.com\/fr\/wp-json\/wp\/v2\/comments?post=2648"}],"version-history":[{"count":4,"href":"https:\/\/www.fritravich.com\/fr\/wp-json\/wp\/v2\/posts\/2648\/revisions"}],"predecessor-version":[{"id":5636,"href":"https:\/\/www.fritravich.com\/fr\/wp-json\/wp\/v2\/posts\/2648\/revisions\/5636"}],"wp:featuredmedia":[{"embeddable":true,"href":"https:\/\/www.fritravich.com\/fr\/wp-json\/wp\/v2\/media\/3751"}],"wp:attachment":[{"href":"https:\/\/www.fritravich.com\/fr\/wp-json\/wp\/v2\/media?parent=2648"}],"wp:term":[{"taxonomy":"category","embeddable":true,"href":"https:\/\/www.fritravich.com\/fr\/wp-json\/wp\/v2\/categories?post=2648"},{"taxonomy":"post_tag","embeddable":true,"href":"https:\/\/www.fritravich.com\/fr\/wp-json\/wp\/v2\/tags?post=2648"}],"curies":[{"name":"wp","href":"https:\/\/api.w.org\/{rel}","templated":true}]}}